{"id":5014,"date":"2021-02-28T20:06:53","date_gmt":"2021-02-28T19:06:53","guid":{"rendered":"http:\/\/agora.xtec.cat\/ceip-serramarina-sta-coloma\/?p=5014"},"modified":"2021-02-28T20:06:53","modified_gmt":"2021-02-28T19:06:53","slug":"celebrem-el-carnaval","status":"publish","type":"post","link":"https:\/\/agora.xtec.cat\/ceip-serramarina-sta-coloma\/primaria\/celebrem-el-carnaval\/","title":{"rendered":"CELEBREM EL CARNAVAL"},"content":{"rendered":"<p><iframe loading=\"lazy\" title=\"SRR 20-21 CI 089\" width=\"500\" height=\"281\" src=\"https:\/\/www.youtube.com\/embed\/4NbFcfJvG30?feature=oembed\" frameborder=\"0\" allow=\"accelerometer; autoplay; clipboard-write; encrypted-media; gyroscope; picture-in-picture; web-share\" referrerpolicy=\"strict-origin-when-cross-origin\" allowfullscreen><\/iframe><\/p>\n<p>CELEBREM EL CARNESTOLTES!<br \/>\nAquest any el carnestoltes a l\u2019escola ha estat diferent. Tot i que hem seguit les consignes i la disbauxa del rei Carnestoltes, ens les ha fet arribar telem\u00e0ticament.<br \/>\nHem gaudit d\u2019un ball que hem preparat disfressats amb les disfresses que ens han agradat m\u00e9s i ens hem fet una foto de grup. A classe hem celebrat el carnaval amb una desfilada de tots els companys i companys per comparses i de forma individual. A continuaci\u00f3 s\u2019ha votat la disfressa m\u00e9s divertida, la m\u00e9s original i la m\u00e9s elaborada. Als guanyadors de les tres categories se\u2019ls ha entregat un diploma i a la resta un diploma per la participaci\u00f3.<br \/>\nFinalment hem pogut ballar al ritme de la samba i passar-ho d\u2019all\u00f2 m\u00e9s b\u00e9 en aquesta festivitat tan esperada!<\/p>\n","protected":false},"excerpt":{"rendered":"<p>CELEBREM EL CARNESTOLTES!<br \/>\nAquest any el carnestoltes a l\u2019escola ha estat diferent. Tot i que hem seguit les consignes i la disbauxa del rei Carnestoltes, ens les ha fet arribar telem\u00e0ticament.<br \/>\nHem gaudit d\u2019un ball que hem preparat disfressats amb les disfresses que ens han agradat m\u00e9s&hellip;  <a href=\"https:\/\/agora.xtec.cat\/ceip-serramarina-sta-coloma\/primaria\/celebrem-el-carnaval\/\" title=\"Read CELEBREM EL CARNAVAL\">Llegeix m\u00e9s\u00bb<\/a><\/p>\n","protected":false},"author":11,"featured_media":5015,"comment_status":"closed","ping_status":"closed","sticky":false,"template":"","format":"standard","meta":{"_bbp_topic_count":0,"_bbp_reply_count":0,"_bbp_total_topic_count":0,"_bbp_total_reply_count":0,"_bbp_voice_count":0,"_bbp_anonymous_reply_count":0,"_bbp_topic_count_hidden":0,"_bbp_reply_count_hidden":0,"_bbp_forum_subforum_count":0,"footnotes":""},"categories":[11,90,5],"tags":[],"class_list":["post-5014","post","type-post","status-publish","format-standard","has-post-thumbnail","hentry","category-2n","category-curs-2020-2021","category-primaria"],"post_mailing_queue_ids":[],"_links":{"self":[{"href":"https:\/\/agora.xtec.cat\/ceip-serramarina-sta-coloma\/wp-json\/wp\/v2\/posts\/5014","targetHints":{"allow":["GET"]}}],"collection":[{"href":"https:\/\/agora.xtec.cat\/ceip-serramarina-sta-coloma\/wp-json\/wp\/v2\/posts"}],"about":[{"href":"https:\/\/agora.xtec.cat\/ceip-serramarina-sta-coloma\/wp-json\/wp\/v2\/types\/post"}],"author":[{"embeddable":true,"href":"https:\/\/agora.xtec.cat\/ceip-serramarina-sta-coloma\/wp-json\/wp\/v2\/users\/11"}],"replies":[{"embeddable":true,"href":"https:\/\/agora.xtec.cat\/ceip-serramarina-sta-coloma\/wp-json\/wp\/v2\/comments?post=5014"}],"version-history":[{"count":1,"href":"https:\/\/agora.xtec.cat\/ceip-serramarina-sta-coloma\/wp-json\/wp\/v2\/posts\/5014\/revisions"}],"predecessor-version":[{"id":5016,"href":"https:\/\/agora.xtec.cat\/ceip-serramarina-sta-coloma\/wp-json\/wp\/v2\/posts\/5014\/revisions\/5016"}],"wp:featuredmedia":[{"embeddable":true,"href":"https:\/\/agora.xtec.cat\/ceip-serramarina-sta-coloma\/wp-json\/wp\/v2\/media\/5015"}],"wp:attachment":[{"href":"https:\/\/agora.xtec.cat\/ceip-serramarina-sta-coloma\/wp-json\/wp\/v2\/media?parent=5014"}],"wp:term":[{"taxonomy":"category","embeddable":true,"href":"https:\/\/agora.xtec.cat\/ceip-serramarina-sta-coloma\/wp-json\/wp\/v2\/categories?post=5014"},{"taxonomy":"post_tag","embeddable":true,"href":"https:\/\/agora.xtec.cat\/ceip-serramarina-sta-coloma\/wp-json\/wp\/v2\/tags?post=5014"}],"curies":[{"name":"wp","href":"https:\/\/api.w.org\/{rel}","templated":true}]}}