{"id":4960,"date":"2021-03-01T10:04:28","date_gmt":"2021-03-01T09:04:28","guid":{"rendered":"http:\/\/agora.xtec.cat\/ceip-serramarina-sta-coloma\/?p=4960"},"modified":"2021-02-25T19:05:17","modified_gmt":"2021-02-25T18:05:17","slug":"salutacions-a-p3c","status":"publish","type":"post","link":"https:\/\/agora.xtec.cat\/ceip-serramarina-sta-coloma\/general\/salutacions-a-p3c\/","title":{"rendered":"SALUTACIONS A P3C"},"content":{"rendered":"<p><iframe loading=\"lazy\" title=\"SRR 20-21 EI 095\" width=\"500\" height=\"281\" src=\"https:\/\/www.youtube.com\/embed\/JWNZn3bIJPc?feature=oembed\" frameborder=\"0\" allow=\"accelerometer; autoplay; clipboard-write; encrypted-media; gyroscope; picture-in-picture; web-share\" referrerpolicy=\"strict-origin-when-cross-origin\" allowfullscreen><\/iframe><\/p>\n<p>Aquest segon trimestre hem iniciat les salutacions. Cada mat\u00ed quan entrem a l\u2019escola anem a la nostre classe tot cantant: fem una fila anem, anem! Un cop arribats, deixem les coses en el nostre calaixet. Busquem la nostra foto i com que encara \u00e9s hivern, guardem la jaqueta, la bufanda i la nostra motxilla. Abans d\u2019entrar, escollim la salutaci\u00f3 que m\u00e9s ens agrada i saludem amb:<br \/>\nEl cor<br \/>\nEls peus (xoquem els peus)<br \/>\nEls polzes<br \/>\nEl ball (una volta)<br \/>\nFeu una ullada a les nostres salutacions! S\u00f3n molt cuquis! I aix\u00ed entrem a la nostra classe s\u00faper contents i contentes!<\/p>\n","protected":false},"excerpt":{"rendered":"<p>Aquest segon trimestre hem iniciat les salutacions. Cada mat\u00ed quan entrem a l\u2019escola anem a la nostre classe tot cantant: fem una fila anem, anem! Un cop arribats, deixem les coses en el nostre calaixet. Busquem la nostra foto i com que encara \u00e9s hivern,&hellip;  <a href=\"https:\/\/agora.xtec.cat\/ceip-serramarina-sta-coloma\/general\/salutacions-a-p3c\/\" title=\"Read SALUTACIONS A P3C\">Llegeix m\u00e9s\u00bb<\/a><\/p>\n","protected":false},"author":9,"featured_media":0,"comment_status":"closed","ping_status":"closed","sticky":false,"template":"","format":"standard","meta":{"_bbp_topic_count":0,"_bbp_reply_count":0,"_bbp_total_topic_count":0,"_bbp_total_reply_count":0,"_bbp_voice_count":0,"_bbp_anonymous_reply_count":0,"_bbp_topic_count_hidden":0,"_bbp_reply_count_hidden":0,"_bbp_forum_subforum_count":0,"footnotes":""},"categories":[23,90,2,1],"tags":[],"class_list":["post-4960","post","type-post","status-publish","format-standard","hentry","category-a-classe","category-curs-2020-2021","category-infantil","category-general"],"post_mailing_queue_ids":[],"_links":{"self":[{"href":"https:\/\/agora.xtec.cat\/ceip-serramarina-sta-coloma\/wp-json\/wp\/v2\/posts\/4960","targetHints":{"allow":["GET"]}}],"collection":[{"href":"https:\/\/agora.xtec.cat\/ceip-serramarina-sta-coloma\/wp-json\/wp\/v2\/posts"}],"about":[{"href":"https:\/\/agora.xtec.cat\/ceip-serramarina-sta-coloma\/wp-json\/wp\/v2\/types\/post"}],"author":[{"embeddable":true,"href":"https:\/\/agora.xtec.cat\/ceip-serramarina-sta-coloma\/wp-json\/wp\/v2\/users\/9"}],"replies":[{"embeddable":true,"href":"https:\/\/agora.xtec.cat\/ceip-serramarina-sta-coloma\/wp-json\/wp\/v2\/comments?post=4960"}],"version-history":[{"count":1,"href":"https:\/\/agora.xtec.cat\/ceip-serramarina-sta-coloma\/wp-json\/wp\/v2\/posts\/4960\/revisions"}],"predecessor-version":[{"id":4961,"href":"https:\/\/agora.xtec.cat\/ceip-serramarina-sta-coloma\/wp-json\/wp\/v2\/posts\/4960\/revisions\/4961"}],"wp:attachment":[{"href":"https:\/\/agora.xtec.cat\/ceip-serramarina-sta-coloma\/wp-json\/wp\/v2\/media?parent=4960"}],"wp:term":[{"taxonomy":"category","embeddable":true,"href":"https:\/\/agora.xtec.cat\/ceip-serramarina-sta-coloma\/wp-json\/wp\/v2\/categories?post=4960"},{"taxonomy":"post_tag","embeddable":true,"href":"https:\/\/agora.xtec.cat\/ceip-serramarina-sta-coloma\/wp-json\/wp\/v2\/tags?post=4960"}],"curies":[{"name":"wp","href":"https:\/\/api.w.org\/{rel}","templated":true}]}}