{"id":4946,"date":"2021-03-01T10:00:29","date_gmt":"2021-03-01T09:00:29","guid":{"rendered":"http:\/\/agora.xtec.cat\/ceip-serramarina-sta-coloma\/?p=4946"},"modified":"2021-02-25T19:06:58","modified_gmt":"2021-02-25T18:06:58","slug":"lhora-del-conte-a-p3-a","status":"publish","type":"post","link":"https:\/\/agora.xtec.cat\/ceip-serramarina-sta-coloma\/general\/lhora-del-conte-a-p3-a\/","title":{"rendered":"L&#8217;HORA DEL CONTE A P3 A"},"content":{"rendered":"<p><iframe loading=\"lazy\" title=\"SRR 20-21 EI 091\" width=\"500\" height=\"281\" src=\"https:\/\/www.youtube.com\/embed\/Uj4mbgt1Ygc?feature=oembed\" frameborder=\"0\" allow=\"accelerometer; autoplay; clipboard-write; encrypted-media; gyroscope; picture-in-picture; web-share\" referrerpolicy=\"strict-origin-when-cross-origin\" allowfullscreen><\/iframe><\/p>\n<p>Un cop per setmana la classe P3A rep una capsa sopresa a l\u2019aula amb moltes coses que anomen per obindre m\u00e9s vocabulari (colors, n\u00fameros, lletres\u2026) per\u00f2 sempre porta un conte que contem, escoltem i treballem durant dues setmanes.<br \/>\nEl CARGOL FERRIOL I L\u2019HERBA DE PONIOL<br \/>\nHem descobert aquest conte amb il\u00b7lustracions molt boniques i en ell hem observat diferents tipus d\u2019animals i insectes que surten i s\u2019ajuden entre ells i s\u00f3n amics. Per treballar la parla i l\u2019escolta sempre surt algun nen o nena i conta altra volta el conte als companys i companyes. Finalment, hem fet una tasca de punxar la capsa del cargol i pintar-la.<br \/>\nEn aquest conte, l\u2019alumnat ha compr\u00e8s que les amistats s\u00f3n importants, ja que, ajudem als nens i nenes a desenvolupar-se emocionalment i socialment. A m\u00e9s, mitjan\u00e7ant relacions d\u2019amistat els infants aprenen a establir normes, sospesar alternatives i prendre decisions. Mireu aquest v\u00eddeo!<\/p>\n","protected":false},"excerpt":{"rendered":"<p>Un cop per setmana la classe P3A rep una capsa sopresa a l\u2019aula amb moltes coses que anomen per obindre m\u00e9s vocabulari (colors, n\u00fameros, lletres\u2026) per\u00f2 sempre porta un conte que contem, escoltem i treballem durant dues setmanes.<br \/>\nEl CARGOL FERRIOL I L\u2019HERBA DE PONIOL<br \/>\nHem descobert&hellip;  <a href=\"https:\/\/agora.xtec.cat\/ceip-serramarina-sta-coloma\/general\/lhora-del-conte-a-p3-a\/\" title=\"Read L&#8217;HORA DEL CONTE A P3 A\">Llegeix m\u00e9s\u00bb<\/a><\/p>\n","protected":false},"author":9,"featured_media":0,"comment_status":"closed","ping_status":"closed","sticky":false,"template":"","format":"standard","meta":{"_bbp_topic_count":0,"_bbp_reply_count":0,"_bbp_total_topic_count":0,"_bbp_total_reply_count":0,"_bbp_voice_count":0,"_bbp_anonymous_reply_count":0,"_bbp_topic_count_hidden":0,"_bbp_reply_count_hidden":0,"_bbp_forum_subforum_count":0,"footnotes":""},"categories":[23,90,2,1,3],"tags":[],"class_list":["post-4946","post","type-post","status-publish","format-standard","hentry","category-a-classe","category-curs-2020-2021","category-infantil","category-general","category-p3"],"post_mailing_queue_ids":[],"_links":{"self":[{"href":"https:\/\/agora.xtec.cat\/ceip-serramarina-sta-coloma\/wp-json\/wp\/v2\/posts\/4946","targetHints":{"allow":["GET"]}}],"collection":[{"href":"https:\/\/agora.xtec.cat\/ceip-serramarina-sta-coloma\/wp-json\/wp\/v2\/posts"}],"about":[{"href":"https:\/\/agora.xtec.cat\/ceip-serramarina-sta-coloma\/wp-json\/wp\/v2\/types\/post"}],"author":[{"embeddable":true,"href":"https:\/\/agora.xtec.cat\/ceip-serramarina-sta-coloma\/wp-json\/wp\/v2\/users\/9"}],"replies":[{"embeddable":true,"href":"https:\/\/agora.xtec.cat\/ceip-serramarina-sta-coloma\/wp-json\/wp\/v2\/comments?post=4946"}],"version-history":[{"count":2,"href":"https:\/\/agora.xtec.cat\/ceip-serramarina-sta-coloma\/wp-json\/wp\/v2\/posts\/4946\/revisions"}],"predecessor-version":[{"id":4948,"href":"https:\/\/agora.xtec.cat\/ceip-serramarina-sta-coloma\/wp-json\/wp\/v2\/posts\/4946\/revisions\/4948"}],"wp:attachment":[{"href":"https:\/\/agora.xtec.cat\/ceip-serramarina-sta-coloma\/wp-json\/wp\/v2\/media?parent=4946"}],"wp:term":[{"taxonomy":"category","embeddable":true,"href":"https:\/\/agora.xtec.cat\/ceip-serramarina-sta-coloma\/wp-json\/wp\/v2\/categories?post=4946"},{"taxonomy":"post_tag","embeddable":true,"href":"https:\/\/agora.xtec.cat\/ceip-serramarina-sta-coloma\/wp-json\/wp\/v2\/tags?post=4946"}],"curies":[{"name":"wp","href":"https:\/\/api.w.org\/{rel}","templated":true}]}}