{"id":4935,"date":"2021-02-27T17:27:18","date_gmt":"2021-02-27T16:27:18","guid":{"rendered":"http:\/\/agora.xtec.cat\/ceip-serramarina-sta-coloma\/?p=4935"},"modified":"2021-02-27T17:27:18","modified_gmt":"2021-02-27T16:27:18","slug":"els-alumnes-de-sise-a-i-b-practiquen-badminton","status":"publish","type":"post","link":"https:\/\/agora.xtec.cat\/ceip-serramarina-sta-coloma\/general\/els-alumnes-de-sise-a-i-b-practiquen-badminton\/","title":{"rendered":"Els alumnes de sis\u00e8 A i B practiquen b\u00e0dminton!"},"content":{"rendered":"<p><span style=\"font-weight: 400\">Els alumnes de sis\u00e8 A i B, practiquen b\u00e0dminton a educaci\u00f3 f\u00edsica. Despr\u00e9s del carnaval, torna la calma, i ja \u00e9s hora de tornar a la rutina. Els hi agrada molt jugar, semblen uns professionals. <\/span><\/p>\n<p><iframe loading=\"lazy\" title=\"SRR CS 049\" width=\"500\" height=\"281\" src=\"https:\/\/www.youtube.com\/embed\/wbvs2q_25xw?feature=oembed\" frameborder=\"0\" allow=\"accelerometer; autoplay; clipboard-write; encrypted-media; gyroscope; picture-in-picture; web-share\" referrerpolicy=\"strict-origin-when-cross-origin\" allowfullscreen><\/iframe><\/p>\n","protected":false},"excerpt":{"rendered":"<p>Els alumnes de sis\u00e8 A i B, practiquen b\u00e0dminton a educaci\u00f3 f\u00edsica. Despr\u00e9s del carnaval, torna la calma, i ja \u00e9s hora de tornar a la rutina. Els hi agrada molt jugar, semblen uns professionals. <\/p>\n","protected":false},"author":14,"featured_media":4978,"comment_status":"closed","ping_status":"closed","sticky":false,"template":"","format":"standard","meta":{"_bbp_topic_count":0,"_bbp_reply_count":0,"_bbp_total_topic_count":0,"_bbp_total_reply_count":0,"_bbp_voice_count":0,"_bbp_anonymous_reply_count":0,"_bbp_topic_count_hidden":0,"_bbp_reply_count_hidden":0,"_bbp_forum_subforum_count":0,"footnotes":""},"categories":[15,23,90,47,5,45,1],"tags":[],"class_list":["post-4935","post","type-post","status-publish","format-standard","has-post-thumbnail","hentry","category-6e","category-a-classe","category-curs-2020-2021","category-educacio-fisica","category-primaria","category-especialitats","category-general"],"post_mailing_queue_ids":[],"_links":{"self":[{"href":"https:\/\/agora.xtec.cat\/ceip-serramarina-sta-coloma\/wp-json\/wp\/v2\/posts\/4935","targetHints":{"allow":["GET"]}}],"collection":[{"href":"https:\/\/agora.xtec.cat\/ceip-serramarina-sta-coloma\/wp-json\/wp\/v2\/posts"}],"about":[{"href":"https:\/\/agora.xtec.cat\/ceip-serramarina-sta-coloma\/wp-json\/wp\/v2\/types\/post"}],"author":[{"embeddable":true,"href":"https:\/\/agora.xtec.cat\/ceip-serramarina-sta-coloma\/wp-json\/wp\/v2\/users\/14"}],"replies":[{"embeddable":true,"href":"https:\/\/agora.xtec.cat\/ceip-serramarina-sta-coloma\/wp-json\/wp\/v2\/comments?post=4935"}],"version-history":[{"count":1,"href":"https:\/\/agora.xtec.cat\/ceip-serramarina-sta-coloma\/wp-json\/wp\/v2\/posts\/4935\/revisions"}],"predecessor-version":[{"id":4936,"href":"https:\/\/agora.xtec.cat\/ceip-serramarina-sta-coloma\/wp-json\/wp\/v2\/posts\/4935\/revisions\/4936"}],"wp:featuredmedia":[{"embeddable":true,"href":"https:\/\/agora.xtec.cat\/ceip-serramarina-sta-coloma\/wp-json\/wp\/v2\/media\/4978"}],"wp:attachment":[{"href":"https:\/\/agora.xtec.cat\/ceip-serramarina-sta-coloma\/wp-json\/wp\/v2\/media?parent=4935"}],"wp:term":[{"taxonomy":"category","embeddable":true,"href":"https:\/\/agora.xtec.cat\/ceip-serramarina-sta-coloma\/wp-json\/wp\/v2\/categories?post=4935"},{"taxonomy":"post_tag","embeddable":true,"href":"https:\/\/agora.xtec.cat\/ceip-serramarina-sta-coloma\/wp-json\/wp\/v2\/tags?post=4935"}],"curies":[{"name":"wp","href":"https:\/\/api.w.org\/{rel}","templated":true}]}}