{"id":4709,"date":"2021-02-01T10:01:38","date_gmt":"2021-02-01T09:01:38","guid":{"rendered":"http:\/\/agora.xtec.cat\/ceip-serramarina-sta-coloma\/?p=4709"},"modified":"2021-01-27T18:44:03","modified_gmt":"2021-01-27T17:44:03","slug":"el-tio-i-el-pare-noel","status":"publish","type":"post","link":"https:\/\/agora.xtec.cat\/ceip-serramarina-sta-coloma\/general\/el-tio-i-el-pare-noel\/","title":{"rendered":"EL TI\u00d3 I EL PARE NOEL"},"content":{"rendered":"<p><iframe loading=\"lazy\" title=\"SRR 20-21 EI 064\" width=\"500\" height=\"281\" src=\"https:\/\/www.youtube.com\/embed\/suesumZbFLo?feature=oembed\" frameborder=\"0\" allow=\"accelerometer; autoplay; clipboard-write; encrypted-media; gyroscope; picture-in-picture; web-share\" referrerpolicy=\"strict-origin-when-cross-origin\" allowfullscreen><\/iframe><\/p>\n<p>El passat mes de desembre la classe dels veterinaris i veterin\u00e0ries van rebre moltes visites: el Pare Noel, el Caga ti\u00f3\u2026 estaven molt emocionats! Ja que, el Pare Noel quan ens va visitar ens va donar caramels. Va ser un mes molt bonic per aquests nens i nenes. A m\u00e9s, van fer moltes coses i feina com: cada dia despr\u00e9s d\u2019esmorzar  cant\u00e0vem la can\u00e7\u00f3 i li tiraven les sobres de menjar al Caga ti\u00f3,  i ells el veien cada dia m\u00e9s gros, van escriure una carta al Caga ti\u00f3 perqu\u00e8 ens deixar\u00e0 les joguines que ells volen per la classe. Aquestes cartes les van tirar a una b\u00fastia que li van deixar al costat del Caga ti\u00f3 (perqu\u00e8 a la nit ell les llegiria) i finalment van esmorzar galetes amb xocolata. Mireu que contents estaven tots els nens i nenes.<\/p>\n","protected":false},"excerpt":{"rendered":"<p>El passat mes de desembre la classe dels veterinaris i veterin\u00e0ries van rebre moltes visites: el Pare Noel, el Caga ti\u00f3\u2026 estaven molt emocionats! Ja que, el Pare Noel quan ens va visitar ens va donar caramels. Va ser un mes molt bonic per aquests&hellip;  <a href=\"https:\/\/agora.xtec.cat\/ceip-serramarina-sta-coloma\/general\/el-tio-i-el-pare-noel\/\" title=\"Read EL TI\u00d3 I EL PARE NOEL\">Llegeix m\u00e9s\u00bb<\/a><\/p>\n","protected":false},"author":9,"featured_media":0,"comment_status":"closed","ping_status":"closed","sticky":false,"template":"","format":"standard","meta":{"_bbp_topic_count":0,"_bbp_reply_count":0,"_bbp_total_topic_count":0,"_bbp_total_reply_count":0,"_bbp_voice_count":0,"_bbp_anonymous_reply_count":0,"_bbp_topic_count_hidden":0,"_bbp_reply_count_hidden":0,"_bbp_forum_subforum_count":0,"footnotes":""},"categories":[23,90,2,22,1,3,4],"tags":[],"class_list":["post-4709","post","type-post","status-publish","format-standard","hentry","category-a-classe","category-curs-2020-2021","category-infantil","category-festes","category-general","category-p3","category-portada"],"post_mailing_queue_ids":[],"_links":{"self":[{"href":"https:\/\/agora.xtec.cat\/ceip-serramarina-sta-coloma\/wp-json\/wp\/v2\/posts\/4709","targetHints":{"allow":["GET"]}}],"collection":[{"href":"https:\/\/agora.xtec.cat\/ceip-serramarina-sta-coloma\/wp-json\/wp\/v2\/posts"}],"about":[{"href":"https:\/\/agora.xtec.cat\/ceip-serramarina-sta-coloma\/wp-json\/wp\/v2\/types\/post"}],"author":[{"embeddable":true,"href":"https:\/\/agora.xtec.cat\/ceip-serramarina-sta-coloma\/wp-json\/wp\/v2\/users\/9"}],"replies":[{"embeddable":true,"href":"https:\/\/agora.xtec.cat\/ceip-serramarina-sta-coloma\/wp-json\/wp\/v2\/comments?post=4709"}],"version-history":[{"count":1,"href":"https:\/\/agora.xtec.cat\/ceip-serramarina-sta-coloma\/wp-json\/wp\/v2\/posts\/4709\/revisions"}],"predecessor-version":[{"id":4710,"href":"https:\/\/agora.xtec.cat\/ceip-serramarina-sta-coloma\/wp-json\/wp\/v2\/posts\/4709\/revisions\/4710"}],"wp:attachment":[{"href":"https:\/\/agora.xtec.cat\/ceip-serramarina-sta-coloma\/wp-json\/wp\/v2\/media?parent=4709"}],"wp:term":[{"taxonomy":"category","embeddable":true,"href":"https:\/\/agora.xtec.cat\/ceip-serramarina-sta-coloma\/wp-json\/wp\/v2\/categories?post=4709"},{"taxonomy":"post_tag","embeddable":true,"href":"https:\/\/agora.xtec.cat\/ceip-serramarina-sta-coloma\/wp-json\/wp\/v2\/tags?post=4709"}],"curies":[{"name":"wp","href":"https:\/\/api.w.org\/{rel}","templated":true}]}}