{"id":4242,"date":"2020-11-10T20:52:38","date_gmt":"2020-11-10T19:52:38","guid":{"rendered":"http:\/\/agora.xtec.cat\/ceip-serramarina-sta-coloma\/?p=4242"},"modified":"2020-11-10T20:52:38","modified_gmt":"2020-11-10T19:52:38","slug":"artfun-1r-yayoi-kusama","status":"publish","type":"post","link":"https:\/\/agora.xtec.cat\/ceip-serramarina-sta-coloma\/portada\/artfun-1r-yayoi-kusama\/","title":{"rendered":"ART&amp;FUN 1r: Yayoi Kusama"},"content":{"rendered":"<p><iframe loading=\"lazy\" title=\"SRR20-21021\" width=\"500\" height=\"375\" src=\"https:\/\/www.youtube.com\/embed\/4IWHK26hM6I?feature=oembed\" frameborder=\"0\" allow=\"accelerometer; autoplay; clipboard-write; encrypted-media; gyroscope; picture-in-picture; web-share\" referrerpolicy=\"strict-origin-when-cross-origin\" allowfullscreen><\/iframe><\/p>\n<p>L\u2019alumnat de 1r durant aquestes setmanes ha estat treballant una artista japonesa que es diu Yayoi Kusama. A trav\u00e9s d\u2019un power point vam aprendre coses sobre la seva biografia, tamb\u00e9 vam descobrir que li encanten les carbasses i els puntets. Despr\u00e9s vam fer uns p\u00f2sters amb les imatges de la seva vida, de les seves obres d\u2019art i del material que far\u00edem servir nosaltres per fer les nostres obres. M\u00e9s endavant, cadasc\u00fa va dibuixar la seva carbassa, la va pintar amb temperes i la va decorar amb ceres. La carbassa l\u2019hem enganxat a sobre d\u2019una cartolina negra que tamb\u00e9 hem decorat amb l\u00ednies. Mireu mireu tot el que hem fet!<\/p>\n","protected":false},"excerpt":{"rendered":"<p>L\u2019alumnat de 1r durant aquestes setmanes ha estat treballant una artista japonesa que es diu Yayoi Kusama. A trav\u00e9s d\u2019un power point vam aprendre coses sobre la seva biografia, tamb\u00e9 vam descobrir que li encanten les carbasses i els puntets. Despr\u00e9s vam fer uns p\u00f2sters&hellip;  <a href=\"https:\/\/agora.xtec.cat\/ceip-serramarina-sta-coloma\/portada\/artfun-1r-yayoi-kusama\/\" title=\"Read ART&amp;FUN 1r: Yayoi Kusama\">Llegeix m\u00e9s\u00bb<\/a><\/p>\n","protected":false},"author":12,"featured_media":4243,"comment_status":"closed","ping_status":"closed","sticky":false,"template":"","format":"standard","meta":{"_bbp_topic_count":0,"_bbp_reply_count":0,"_bbp_total_topic_count":0,"_bbp_total_reply_count":0,"_bbp_voice_count":0,"_bbp_anonymous_reply_count":0,"_bbp_topic_count_hidden":0,"_bbp_reply_count_hidden":0,"_bbp_forum_subforum_count":0,"footnotes":""},"categories":[10,79,90,5,45,4],"tags":[],"class_list":["post-4242","post","type-post","status-publish","format-standard","has-post-thumbnail","hentry","category-1r","category-arts-fun","category-curs-2020-2021","category-primaria","category-especialitats","category-portada"],"post_mailing_queue_ids":[],"_links":{"self":[{"href":"https:\/\/agora.xtec.cat\/ceip-serramarina-sta-coloma\/wp-json\/wp\/v2\/posts\/4242","targetHints":{"allow":["GET"]}}],"collection":[{"href":"https:\/\/agora.xtec.cat\/ceip-serramarina-sta-coloma\/wp-json\/wp\/v2\/posts"}],"about":[{"href":"https:\/\/agora.xtec.cat\/ceip-serramarina-sta-coloma\/wp-json\/wp\/v2\/types\/post"}],"author":[{"embeddable":true,"href":"https:\/\/agora.xtec.cat\/ceip-serramarina-sta-coloma\/wp-json\/wp\/v2\/users\/12"}],"replies":[{"embeddable":true,"href":"https:\/\/agora.xtec.cat\/ceip-serramarina-sta-coloma\/wp-json\/wp\/v2\/comments?post=4242"}],"version-history":[{"count":1,"href":"https:\/\/agora.xtec.cat\/ceip-serramarina-sta-coloma\/wp-json\/wp\/v2\/posts\/4242\/revisions"}],"predecessor-version":[{"id":4244,"href":"https:\/\/agora.xtec.cat\/ceip-serramarina-sta-coloma\/wp-json\/wp\/v2\/posts\/4242\/revisions\/4244"}],"wp:featuredmedia":[{"embeddable":true,"href":"https:\/\/agora.xtec.cat\/ceip-serramarina-sta-coloma\/wp-json\/wp\/v2\/media\/4243"}],"wp:attachment":[{"href":"https:\/\/agora.xtec.cat\/ceip-serramarina-sta-coloma\/wp-json\/wp\/v2\/media?parent=4242"}],"wp:term":[{"taxonomy":"category","embeddable":true,"href":"https:\/\/agora.xtec.cat\/ceip-serramarina-sta-coloma\/wp-json\/wp\/v2\/categories?post=4242"},{"taxonomy":"post_tag","embeddable":true,"href":"https:\/\/agora.xtec.cat\/ceip-serramarina-sta-coloma\/wp-json\/wp\/v2\/tags?post=4242"}],"curies":[{"name":"wp","href":"https:\/\/api.w.org\/{rel}","templated":true}]}}