{"id":4163,"date":"2020-11-03T19:35:36","date_gmt":"2020-11-03T18:35:36","guid":{"rendered":"http:\/\/agora.xtec.cat\/ceip-serramarina-sta-coloma\/?p=4163"},"modified":"2020-11-03T19:35:36","modified_gmt":"2020-11-03T18:35:36","slug":"kandinsky-2","status":"publish","type":"post","link":"https:\/\/agora.xtec.cat\/ceip-serramarina-sta-coloma\/portada\/kandinsky-2\/","title":{"rendered":"KANDINSKY"},"content":{"rendered":"<p><iframe loading=\"lazy\" title=\"SRR 20-21 CI 015\" width=\"500\" height=\"281\" src=\"https:\/\/www.youtube.com\/embed\/spQ-WldzFCU?feature=oembed\" frameborder=\"0\" allow=\"accelerometer; autoplay; clipboard-write; encrypted-media; gyroscope; picture-in-picture; web-share\" referrerpolicy=\"strict-origin-when-cross-origin\" allowfullscreen><\/iframe><\/p>\n<p>ELS GRUPS DE SEGON ENS INSPIREM AMB L\u2019ART DE KANDINSKY<br \/>\nDurant aquestes setmanes els tres grups de segon ens hem endinsat en el m\u00f3n de la pintura abstracta i la geometria de l\u2019autor rus Vassily Kandinsky.<br \/>\nPrimer hem comen\u00e7ant pintant amb ceres i cobrint amb vern\u00eds la seva famosa pintura \u201cSquares with concentric circles\u201d, jugant amb el color i la composici\u00f3 de les figures geom\u00e8triques. M\u00e9s endavant hem descobert els \u201canimals fant\u00e0stics\u201d de Kandinsky i hem treballat l\u2019obra \u201cBlue Sky\u201d fent servir llapis de fusta i retoladors. El fons del cel l\u2019hem pintat amb t\u00e8mpera. Tamb\u00e9 hem apr\u00e8s sobre la seva vida i altres obres amb un power point.<br \/>\nHa estat una experi\u00e8ncia molt enriquidora!<\/p>\n","protected":false},"excerpt":{"rendered":"<p>ELS GRUPS DE SEGON ENS INSPIREM AMB L\u2019ART DE KANDINSKY<br \/>\nDurant aquestes setmanes els tres grups de segon ens hem endinsat en el m\u00f3n de la pintura abstracta i la geometria de l\u2019autor rus Vassily Kandinsky.<br \/>\nPrimer hem comen\u00e7ant pintant amb ceres i cobrint amb vern\u00eds la&hellip;  <a href=\"https:\/\/agora.xtec.cat\/ceip-serramarina-sta-coloma\/portada\/kandinsky-2\/\" title=\"Read KANDINSKY\">Llegeix m\u00e9s\u00bb<\/a><\/p>\n","protected":false},"author":11,"featured_media":4165,"comment_status":"closed","ping_status":"closed","sticky":false,"template":"","format":"standard","meta":{"_bbp_topic_count":0,"_bbp_reply_count":0,"_bbp_total_topic_count":0,"_bbp_total_reply_count":0,"_bbp_voice_count":0,"_bbp_anonymous_reply_count":0,"_bbp_topic_count_hidden":0,"_bbp_reply_count_hidden":0,"_bbp_forum_subforum_count":0,"footnotes":""},"categories":[11,79,90,5,45,4],"tags":[],"class_list":["post-4163","post","type-post","status-publish","format-standard","has-post-thumbnail","hentry","category-2n","category-arts-fun","category-curs-2020-2021","category-primaria","category-especialitats","category-portada"],"post_mailing_queue_ids":[],"_links":{"self":[{"href":"https:\/\/agora.xtec.cat\/ceip-serramarina-sta-coloma\/wp-json\/wp\/v2\/posts\/4163","targetHints":{"allow":["GET"]}}],"collection":[{"href":"https:\/\/agora.xtec.cat\/ceip-serramarina-sta-coloma\/wp-json\/wp\/v2\/posts"}],"about":[{"href":"https:\/\/agora.xtec.cat\/ceip-serramarina-sta-coloma\/wp-json\/wp\/v2\/types\/post"}],"author":[{"embeddable":true,"href":"https:\/\/agora.xtec.cat\/ceip-serramarina-sta-coloma\/wp-json\/wp\/v2\/users\/11"}],"replies":[{"embeddable":true,"href":"https:\/\/agora.xtec.cat\/ceip-serramarina-sta-coloma\/wp-json\/wp\/v2\/comments?post=4163"}],"version-history":[{"count":1,"href":"https:\/\/agora.xtec.cat\/ceip-serramarina-sta-coloma\/wp-json\/wp\/v2\/posts\/4163\/revisions"}],"predecessor-version":[{"id":4166,"href":"https:\/\/agora.xtec.cat\/ceip-serramarina-sta-coloma\/wp-json\/wp\/v2\/posts\/4163\/revisions\/4166"}],"wp:featuredmedia":[{"embeddable":true,"href":"https:\/\/agora.xtec.cat\/ceip-serramarina-sta-coloma\/wp-json\/wp\/v2\/media\/4165"}],"wp:attachment":[{"href":"https:\/\/agora.xtec.cat\/ceip-serramarina-sta-coloma\/wp-json\/wp\/v2\/media?parent=4163"}],"wp:term":[{"taxonomy":"category","embeddable":true,"href":"https:\/\/agora.xtec.cat\/ceip-serramarina-sta-coloma\/wp-json\/wp\/v2\/categories?post=4163"},{"taxonomy":"post_tag","embeddable":true,"href":"https:\/\/agora.xtec.cat\/ceip-serramarina-sta-coloma\/wp-json\/wp\/v2\/tags?post=4163"}],"curies":[{"name":"wp","href":"https:\/\/api.w.org\/{rel}","templated":true}]}}