{"id":4104,"date":"2020-11-02T18:59:23","date_gmt":"2020-11-02T17:59:23","guid":{"rendered":"http:\/\/agora.xtec.cat\/ceip-serramarina-sta-coloma\/?p=4104"},"modified":"2020-11-02T19:00:21","modified_gmt":"2020-11-02T18:00:21","slug":"es-lhora-de-musica-a-p5b","status":"publish","type":"post","link":"https:\/\/agora.xtec.cat\/ceip-serramarina-sta-coloma\/general\/es-lhora-de-musica-a-p5b\/","title":{"rendered":"\u00c9S L\u00b4HORA DE M\u00daSICA A P5B"},"content":{"rendered":"<p><iframe loading=\"lazy\" title=\"SRR 20-21 EI-12\" width=\"500\" height=\"281\" src=\"https:\/\/www.youtube.com\/embed\/KR7Yg1w8EY8?feature=oembed\" frameborder=\"0\" allow=\"accelerometer; autoplay; clipboard-write; encrypted-media; gyroscope; picture-in-picture; web-share\" referrerpolicy=\"strict-origin-when-cross-origin\" allowfullscreen><\/iframe><\/p>\n<p>\u00c9S L\u00b4HORA DE M\u00daSICA!<br \/>\nEns ho passem molt b\u00e9 quan \u00e9s l\u00b4hora de m\u00fasica!<br \/>\nAprenem les can\u00e7ons que anem a treballar, primer les escoltem i despr\u00e9s tots junts les cantem i ballem.<br \/>\nCom que aquest mes hem comen\u00e7at a treballar La Tardor hem escoltat i cantat moltes can\u00e7ons, amb el seu ball incl\u00f2s.<br \/>\nEns agrada molt ballar i fer-ho amb molt de ritme!  <\/p>\n","protected":false},"excerpt":{"rendered":"<p>\u00c9S L\u00b4HORA DE M\u00daSICA!<br \/>\nEns ho passem molt b\u00e9 quan \u00e9s l\u00b4hora de m\u00fasica!<br \/>\nAprenem les can\u00e7ons que anem a treballar, primer les escoltem i despr\u00e9s tots junts les cantem i ballem.<br \/>\nCom que aquest mes hem comen\u00e7at a treballar La Tardor hem escoltat i cantat moltes can\u00e7ons,&hellip;  <a href=\"https:\/\/agora.xtec.cat\/ceip-serramarina-sta-coloma\/general\/es-lhora-de-musica-a-p5b\/\" title=\"Read \u00c9S L\u00b4HORA DE M\u00daSICA A P5B\">Llegeix m\u00e9s\u00bb<\/a><\/p>\n","protected":false},"author":9,"featured_media":4106,"comment_status":"closed","ping_status":"closed","sticky":false,"template":"","format":"standard","meta":{"_bbp_topic_count":0,"_bbp_reply_count":0,"_bbp_total_topic_count":0,"_bbp_total_reply_count":0,"_bbp_voice_count":0,"_bbp_anonymous_reply_count":0,"_bbp_topic_count_hidden":0,"_bbp_reply_count_hidden":0,"_bbp_forum_subforum_count":0,"footnotes":""},"categories":[90,2,1,9,4],"tags":[],"class_list":["post-4104","post","type-post","status-publish","format-standard","has-post-thumbnail","hentry","category-curs-2020-2021","category-infantil","category-general","category-p5","category-portada"],"post_mailing_queue_ids":[],"_links":{"self":[{"href":"https:\/\/agora.xtec.cat\/ceip-serramarina-sta-coloma\/wp-json\/wp\/v2\/posts\/4104","targetHints":{"allow":["GET"]}}],"collection":[{"href":"https:\/\/agora.xtec.cat\/ceip-serramarina-sta-coloma\/wp-json\/wp\/v2\/posts"}],"about":[{"href":"https:\/\/agora.xtec.cat\/ceip-serramarina-sta-coloma\/wp-json\/wp\/v2\/types\/post"}],"author":[{"embeddable":true,"href":"https:\/\/agora.xtec.cat\/ceip-serramarina-sta-coloma\/wp-json\/wp\/v2\/users\/9"}],"replies":[{"embeddable":true,"href":"https:\/\/agora.xtec.cat\/ceip-serramarina-sta-coloma\/wp-json\/wp\/v2\/comments?post=4104"}],"version-history":[{"count":2,"href":"https:\/\/agora.xtec.cat\/ceip-serramarina-sta-coloma\/wp-json\/wp\/v2\/posts\/4104\/revisions"}],"predecessor-version":[{"id":4107,"href":"https:\/\/agora.xtec.cat\/ceip-serramarina-sta-coloma\/wp-json\/wp\/v2\/posts\/4104\/revisions\/4107"}],"wp:featuredmedia":[{"embeddable":true,"href":"https:\/\/agora.xtec.cat\/ceip-serramarina-sta-coloma\/wp-json\/wp\/v2\/media\/4106"}],"wp:attachment":[{"href":"https:\/\/agora.xtec.cat\/ceip-serramarina-sta-coloma\/wp-json\/wp\/v2\/media?parent=4104"}],"wp:term":[{"taxonomy":"category","embeddable":true,"href":"https:\/\/agora.xtec.cat\/ceip-serramarina-sta-coloma\/wp-json\/wp\/v2\/categories?post=4104"},{"taxonomy":"post_tag","embeddable":true,"href":"https:\/\/agora.xtec.cat\/ceip-serramarina-sta-coloma\/wp-json\/wp\/v2\/tags?post=4104"}],"curies":[{"name":"wp","href":"https:\/\/api.w.org\/{rel}","templated":true}]}}