{"id":4098,"date":"2020-11-02T18:47:54","date_gmt":"2020-11-02T17:47:54","guid":{"rendered":"http:\/\/agora.xtec.cat\/ceip-serramarina-sta-coloma\/?p=4098"},"modified":"2020-11-02T18:49:13","modified_gmt":"2020-11-02T17:49:13","slug":"la-tardor-i-la-castanyada-a-lescola","status":"publish","type":"post","link":"https:\/\/agora.xtec.cat\/ceip-serramarina-sta-coloma\/general\/la-tardor-i-la-castanyada-a-lescola\/","title":{"rendered":"LA TARDOR I LA CASTANYADA A L\u00b4ESCOLA P5B"},"content":{"rendered":"<p><iframe loading=\"lazy\" title=\"SRR 20-21 EI-11\" width=\"500\" height=\"281\" src=\"https:\/\/www.youtube.com\/embed\/-Vj7AwvGJbA?feature=oembed\" frameborder=\"0\" allow=\"accelerometer; autoplay; clipboard-write; encrypted-media; gyroscope; picture-in-picture; web-share\" referrerpolicy=\"strict-origin-when-cross-origin\" allowfullscreen><\/iframe><\/p>\n<p>Ja ha arribat la tardor!<br \/>\nI amb ella, la castanyada!<br \/>\nA la classe estem treballant La Tardor, hem decorat la nostra classe i el nostre passad\u00eds i hem fet un rac\u00f3 de la tardor amb fruits de la tardor, fulles, castanyes, pinyes&#8230; A m\u00e9s treballem el vocabulari i la dita de la tardor i les can\u00e7ons qu\u00e8 m\u00e9s ens agraden: \u201cM\u00b4agrada la tardor\u201d , \u201c La tardor que jo conec..\u201d i clar, \u201c La castanyera\u201d&#8230;<br \/>\nAquest any ha estat una castanyada diferent, per\u00f2 ens ho hem passat molt b\u00e9! AH! La castanyera no ha pogut venir a l\u00b4escola i han vingut a visitar-nos l\u00b4Antonio i l\u00b4Antonia&#8230; Qu\u00e8 moderns! Ja veureu ja&#8230; <\/p>\n","protected":false},"excerpt":{"rendered":"<p>Ja ha arribat la tardor!<br \/>\nI amb ella, la castanyada!<br \/>\nA la classe estem treballant La Tardor, hem decorat la nostra classe i el nostre passad\u00eds i hem fet un rac\u00f3 de la tardor amb fruits de la tardor, fulles, castanyes, pinyes&#8230; A m\u00e9s treballem el vocabulari&hellip;  <a href=\"https:\/\/agora.xtec.cat\/ceip-serramarina-sta-coloma\/general\/la-tardor-i-la-castanyada-a-lescola\/\" title=\"Read LA TARDOR I LA CASTANYADA A L\u00b4ESCOLA P5B\">Llegeix m\u00e9s\u00bb<\/a><\/p>\n","protected":false},"author":9,"featured_media":4100,"comment_status":"closed","ping_status":"closed","sticky":false,"template":"","format":"standard","meta":{"_bbp_topic_count":0,"_bbp_reply_count":0,"_bbp_total_topic_count":0,"_bbp_total_reply_count":0,"_bbp_voice_count":0,"_bbp_anonymous_reply_count":0,"_bbp_topic_count_hidden":0,"_bbp_reply_count_hidden":0,"_bbp_forum_subforum_count":0,"footnotes":""},"categories":[90,2,1,9,4],"tags":[],"class_list":["post-4098","post","type-post","status-publish","format-standard","has-post-thumbnail","hentry","category-curs-2020-2021","category-infantil","category-general","category-p5","category-portada"],"post_mailing_queue_ids":[],"_links":{"self":[{"href":"https:\/\/agora.xtec.cat\/ceip-serramarina-sta-coloma\/wp-json\/wp\/v2\/posts\/4098","targetHints":{"allow":["GET"]}}],"collection":[{"href":"https:\/\/agora.xtec.cat\/ceip-serramarina-sta-coloma\/wp-json\/wp\/v2\/posts"}],"about":[{"href":"https:\/\/agora.xtec.cat\/ceip-serramarina-sta-coloma\/wp-json\/wp\/v2\/types\/post"}],"author":[{"embeddable":true,"href":"https:\/\/agora.xtec.cat\/ceip-serramarina-sta-coloma\/wp-json\/wp\/v2\/users\/9"}],"replies":[{"embeddable":true,"href":"https:\/\/agora.xtec.cat\/ceip-serramarina-sta-coloma\/wp-json\/wp\/v2\/comments?post=4098"}],"version-history":[{"count":2,"href":"https:\/\/agora.xtec.cat\/ceip-serramarina-sta-coloma\/wp-json\/wp\/v2\/posts\/4098\/revisions"}],"predecessor-version":[{"id":4102,"href":"https:\/\/agora.xtec.cat\/ceip-serramarina-sta-coloma\/wp-json\/wp\/v2\/posts\/4098\/revisions\/4102"}],"wp:featuredmedia":[{"embeddable":true,"href":"https:\/\/agora.xtec.cat\/ceip-serramarina-sta-coloma\/wp-json\/wp\/v2\/media\/4100"}],"wp:attachment":[{"href":"https:\/\/agora.xtec.cat\/ceip-serramarina-sta-coloma\/wp-json\/wp\/v2\/media?parent=4098"}],"wp:term":[{"taxonomy":"category","embeddable":true,"href":"https:\/\/agora.xtec.cat\/ceip-serramarina-sta-coloma\/wp-json\/wp\/v2\/categories?post=4098"},{"taxonomy":"post_tag","embeddable":true,"href":"https:\/\/agora.xtec.cat\/ceip-serramarina-sta-coloma\/wp-json\/wp\/v2\/tags?post=4098"}],"curies":[{"name":"wp","href":"https:\/\/api.w.org\/{rel}","templated":true}]}}