{"id":3969,"date":"2020-10-11T11:04:07","date_gmt":"2020-10-11T09:04:07","guid":{"rendered":"http:\/\/agora.xtec.cat\/ceip-serramarina-sta-coloma\/?p=3969"},"modified":"2020-10-11T11:04:07","modified_gmt":"2020-10-11T09:04:07","slug":"i-want-to-be-a-hero-6e","status":"publish","type":"post","link":"https:\/\/agora.xtec.cat\/ceip-serramarina-sta-coloma\/portada\/i-want-to-be-a-hero-6e\/","title":{"rendered":"I WANT TO BE A HERO 6\u00e8"},"content":{"rendered":"<p><iframe loading=\"lazy\" title=\"SRR CS005\" width=\"500\" height=\"281\" src=\"https:\/\/www.youtube.com\/embed\/mAAVPG-ddc0?feature=oembed\" frameborder=\"0\" allow=\"accelerometer; autoplay; clipboard-write; encrypted-media; gyroscope; picture-in-picture; web-share\" referrerpolicy=\"strict-origin-when-cross-origin\" allowfullscreen><\/iframe><\/p>\n<p>Els alumnes de 6\u00e8 han estat treballant la can\u00e7\u00f3 &#8220;I want to be a hero&#8221; i no nom\u00e9s se l&#8217;han apr\u00e8s, tamb\u00e9 han creat una coreografia explicant els conceptes m\u00e9s importants de la lletra de la can\u00e7\u00f3. Good job students!<\/p>\n","protected":false},"excerpt":{"rendered":"<p>Els alumnes de 6\u00e8 han estat treballant la can\u00e7\u00f3 &#8220;I want to be a hero&#8221; i no nom\u00e9s se l&#8217;han apr\u00e8s, tamb\u00e9 han creat una coreografia explicant els conceptes m\u00e9s importants de la lletra de la can\u00e7\u00f3. Good job students!<\/p>\n","protected":false},"author":14,"featured_media":3972,"comment_status":"closed","ping_status":"closed","sticky":false,"template":"","format":"standard","meta":{"_bbp_topic_count":0,"_bbp_reply_count":0,"_bbp_total_topic_count":0,"_bbp_total_reply_count":0,"_bbp_voice_count":0,"_bbp_anonymous_reply_count":0,"_bbp_topic_count_hidden":0,"_bbp_reply_count_hidden":0,"_bbp_forum_subforum_count":0,"footnotes":""},"categories":[15,90,5,4],"tags":[],"class_list":["post-3969","post","type-post","status-publish","format-standard","has-post-thumbnail","hentry","category-6e","category-curs-2020-2021","category-primaria","category-portada"],"post_mailing_queue_ids":[],"_links":{"self":[{"href":"https:\/\/agora.xtec.cat\/ceip-serramarina-sta-coloma\/wp-json\/wp\/v2\/posts\/3969","targetHints":{"allow":["GET"]}}],"collection":[{"href":"https:\/\/agora.xtec.cat\/ceip-serramarina-sta-coloma\/wp-json\/wp\/v2\/posts"}],"about":[{"href":"https:\/\/agora.xtec.cat\/ceip-serramarina-sta-coloma\/wp-json\/wp\/v2\/types\/post"}],"author":[{"embeddable":true,"href":"https:\/\/agora.xtec.cat\/ceip-serramarina-sta-coloma\/wp-json\/wp\/v2\/users\/14"}],"replies":[{"embeddable":true,"href":"https:\/\/agora.xtec.cat\/ceip-serramarina-sta-coloma\/wp-json\/wp\/v2\/comments?post=3969"}],"version-history":[{"count":1,"href":"https:\/\/agora.xtec.cat\/ceip-serramarina-sta-coloma\/wp-json\/wp\/v2\/posts\/3969\/revisions"}],"predecessor-version":[{"id":3970,"href":"https:\/\/agora.xtec.cat\/ceip-serramarina-sta-coloma\/wp-json\/wp\/v2\/posts\/3969\/revisions\/3970"}],"wp:featuredmedia":[{"embeddable":true,"href":"https:\/\/agora.xtec.cat\/ceip-serramarina-sta-coloma\/wp-json\/wp\/v2\/media\/3972"}],"wp:attachment":[{"href":"https:\/\/agora.xtec.cat\/ceip-serramarina-sta-coloma\/wp-json\/wp\/v2\/media?parent=3969"}],"wp:term":[{"taxonomy":"category","embeddable":true,"href":"https:\/\/agora.xtec.cat\/ceip-serramarina-sta-coloma\/wp-json\/wp\/v2\/categories?post=3969"},{"taxonomy":"post_tag","embeddable":true,"href":"https:\/\/agora.xtec.cat\/ceip-serramarina-sta-coloma\/wp-json\/wp\/v2\/tags?post=3969"}],"curies":[{"name":"wp","href":"https:\/\/api.w.org\/{rel}","templated":true}]}}