{"id":3728,"date":"2020-03-13T13:09:24","date_gmt":"2020-03-13T12:09:24","guid":{"rendered":"http:\/\/agora.xtec.cat\/ceip-serramarina-sta-coloma\/?p=3728"},"modified":"2020-03-13T13:09:24","modified_gmt":"2020-03-13T12:09:24","slug":"investiguem-el-cos-huma-csi","status":"publish","type":"post","link":"https:\/\/agora.xtec.cat\/ceip-serramarina-sta-coloma\/portada\/investiguem-el-cos-huma-csi\/","title":{"rendered":"INVESTIGUEM EL COS HUM\u00c0: CSI"},"content":{"rendered":"<p><iframe loading=\"lazy\" title=\"SRR 19-20 CM 028\" width=\"500\" height=\"281\" src=\"https:\/\/www.youtube.com\/embed\/PDCzAzaItQ8?feature=oembed\" frameborder=\"0\" allow=\"accelerometer; autoplay; clipboard-write; encrypted-media; gyroscope; picture-in-picture; web-share\" referrerpolicy=\"strict-origin-when-cross-origin\" allowfullscreen><\/iframe><\/p>\n<p><strong>INVESTIGUEM EL COS HUM\u00c0: CSI . 4tA.\u00a0<\/strong>Ens ha agradat molt aquest taller que ens ensenyava coses de l\u2019anatomia del cos hum\u00e0 mitjan\u00e7ant un joc que proposava que fessim de CSI, investigadors cient\u00edfics. Hem recordat que \u00e9s, les parts i les funcions de l\u2019esquelet,\u00a0 hem fet un joc de pistes per esbrinar qui era el culpable d\u2019un cas i despr\u00e9s del taller he fet un recorregut per la Serralada de la Marina on hem obsevat algunes plantes i des d\u2019on teniem unes vistes ben maques.<\/p>\n","protected":false},"excerpt":{"rendered":"<p>INVESTIGUEM EL COS HUM\u00c0: CSI . 4tA.\u00a0Ens ha agradat molt aquest taller que ens ensenyava coses de l\u2019anatomia del cos hum\u00e0 mitjan\u00e7ant un joc que proposava que fessim de CSI, investigadors cient\u00edfics. Hem recordat que \u00e9s, les parts i les funcions de l\u2019esquelet,\u00a0 hem fet&hellip;  <a href=\"https:\/\/agora.xtec.cat\/ceip-serramarina-sta-coloma\/portada\/investiguem-el-cos-huma-csi\/\" title=\"Read INVESTIGUEM EL COS HUM\u00c0: CSI\">Llegeix m\u00e9s\u00bb<\/a><\/p>\n","protected":false},"author":13,"featured_media":0,"comment_status":"closed","ping_status":"closed","sticky":false,"template":"","format":"standard","meta":{"_bbp_topic_count":0,"_bbp_reply_count":0,"_bbp_total_topic_count":0,"_bbp_total_reply_count":0,"_bbp_voice_count":0,"_bbp_anonymous_reply_count":0,"_bbp_topic_count_hidden":0,"_bbp_reply_count_hidden":0,"_bbp_forum_subforum_count":0,"footnotes":""},"categories":[13,88,5,4,21],"tags":[],"class_list":["post-3728","post","type-post","status-publish","format-standard","hentry","category-4t","category-curs-2019-2020","category-primaria","category-portada","category-sortides"],"post_mailing_queue_ids":[],"_links":{"self":[{"href":"https:\/\/agora.xtec.cat\/ceip-serramarina-sta-coloma\/wp-json\/wp\/v2\/posts\/3728","targetHints":{"allow":["GET"]}}],"collection":[{"href":"https:\/\/agora.xtec.cat\/ceip-serramarina-sta-coloma\/wp-json\/wp\/v2\/posts"}],"about":[{"href":"https:\/\/agora.xtec.cat\/ceip-serramarina-sta-coloma\/wp-json\/wp\/v2\/types\/post"}],"author":[{"embeddable":true,"href":"https:\/\/agora.xtec.cat\/ceip-serramarina-sta-coloma\/wp-json\/wp\/v2\/users\/13"}],"replies":[{"embeddable":true,"href":"https:\/\/agora.xtec.cat\/ceip-serramarina-sta-coloma\/wp-json\/wp\/v2\/comments?post=3728"}],"version-history":[{"count":1,"href":"https:\/\/agora.xtec.cat\/ceip-serramarina-sta-coloma\/wp-json\/wp\/v2\/posts\/3728\/revisions"}],"predecessor-version":[{"id":3729,"href":"https:\/\/agora.xtec.cat\/ceip-serramarina-sta-coloma\/wp-json\/wp\/v2\/posts\/3728\/revisions\/3729"}],"wp:attachment":[{"href":"https:\/\/agora.xtec.cat\/ceip-serramarina-sta-coloma\/wp-json\/wp\/v2\/media?parent=3728"}],"wp:term":[{"taxonomy":"category","embeddable":true,"href":"https:\/\/agora.xtec.cat\/ceip-serramarina-sta-coloma\/wp-json\/wp\/v2\/categories?post=3728"},{"taxonomy":"post_tag","embeddable":true,"href":"https:\/\/agora.xtec.cat\/ceip-serramarina-sta-coloma\/wp-json\/wp\/v2\/tags?post=3728"}],"curies":[{"name":"wp","href":"https:\/\/api.w.org\/{rel}","templated":true}]}}