{"id":3716,"date":"2020-03-05T15:45:37","date_gmt":"2020-03-05T14:45:37","guid":{"rendered":"http:\/\/agora.xtec.cat\/ceip-serramarina-sta-coloma\/?p=3716"},"modified":"2020-03-05T15:45:37","modified_gmt":"2020-03-05T14:45:37","slug":"elaborem-un-lapbook-5e","status":"publish","type":"post","link":"https:\/\/agora.xtec.cat\/ceip-serramarina-sta-coloma\/primaria\/elaborem-un-lapbook-5e\/","title":{"rendered":"ELABOREM UN LAPBOOK 5\u00c8"},"content":{"rendered":"<p><iframe loading=\"lazy\" title=\"SRR 19-20 CS 017\" width=\"500\" height=\"281\" src=\"https:\/\/www.youtube.com\/embed\/eh3CVsqA1b4?feature=oembed\" frameborder=\"0\" allow=\"accelerometer; autoplay; clipboard-write; encrypted-media; gyroscope; picture-in-picture; web-share\" referrerpolicy=\"strict-origin-when-cross-origin\" allowfullscreen><\/iframe><\/p>\n<p>Els nens i nenes de 5\u00e8 B estem elaborant un lapbook sobre la Prehist\u00f2ria que m\u00e9s endavant explicarem als infants de 1r. Pr\u00e8viament, per grups, hem fet recerca d\u2019informaci\u00f3: uns investiguen el Paleol\u00edtic, uns altres el Neol\u00edtic i d\u2019altres l\u2019Edat dels metalls. Actualment estem en proc\u00e9s d\u2019elaboraci\u00f3 del lapbook i properament en podreu veure el resultat a Instagram. Esperem que us agradi!<\/p>\n","protected":false},"excerpt":{"rendered":"<p>Els nens i nenes de 5\u00e8 B estem elaborant un lapbook sobre la Prehist\u00f2ria que m\u00e9s endavant explicarem als infants de 1r. Pr\u00e8viament, per grups, hem fet recerca d\u2019informaci\u00f3: uns investiguen el Paleol\u00edtic, uns altres el Neol\u00edtic i d\u2019altres l\u2019Edat dels metalls. Actualment estem en&hellip;  <a href=\"https:\/\/agora.xtec.cat\/ceip-serramarina-sta-coloma\/primaria\/elaborem-un-lapbook-5e\/\" title=\"Read ELABOREM UN LAPBOOK 5\u00c8\">Llegeix m\u00e9s\u00bb<\/a><\/p>\n","protected":false},"author":14,"featured_media":3718,"comment_status":"closed","ping_status":"closed","sticky":false,"template":"","format":"standard","meta":{"_bbp_topic_count":0,"_bbp_reply_count":0,"_bbp_total_topic_count":0,"_bbp_total_reply_count":0,"_bbp_voice_count":0,"_bbp_anonymous_reply_count":0,"_bbp_topic_count_hidden":0,"_bbp_reply_count_hidden":0,"_bbp_forum_subforum_count":0,"footnotes":""},"categories":[14,23,5],"tags":[],"class_list":["post-3716","post","type-post","status-publish","format-standard","has-post-thumbnail","hentry","category-5e","category-a-classe","category-primaria"],"post_mailing_queue_ids":[],"_links":{"self":[{"href":"https:\/\/agora.xtec.cat\/ceip-serramarina-sta-coloma\/wp-json\/wp\/v2\/posts\/3716","targetHints":{"allow":["GET"]}}],"collection":[{"href":"https:\/\/agora.xtec.cat\/ceip-serramarina-sta-coloma\/wp-json\/wp\/v2\/posts"}],"about":[{"href":"https:\/\/agora.xtec.cat\/ceip-serramarina-sta-coloma\/wp-json\/wp\/v2\/types\/post"}],"author":[{"embeddable":true,"href":"https:\/\/agora.xtec.cat\/ceip-serramarina-sta-coloma\/wp-json\/wp\/v2\/users\/14"}],"replies":[{"embeddable":true,"href":"https:\/\/agora.xtec.cat\/ceip-serramarina-sta-coloma\/wp-json\/wp\/v2\/comments?post=3716"}],"version-history":[{"count":1,"href":"https:\/\/agora.xtec.cat\/ceip-serramarina-sta-coloma\/wp-json\/wp\/v2\/posts\/3716\/revisions"}],"predecessor-version":[{"id":3717,"href":"https:\/\/agora.xtec.cat\/ceip-serramarina-sta-coloma\/wp-json\/wp\/v2\/posts\/3716\/revisions\/3717"}],"wp:featuredmedia":[{"embeddable":true,"href":"https:\/\/agora.xtec.cat\/ceip-serramarina-sta-coloma\/wp-json\/wp\/v2\/media\/3718"}],"wp:attachment":[{"href":"https:\/\/agora.xtec.cat\/ceip-serramarina-sta-coloma\/wp-json\/wp\/v2\/media?parent=3716"}],"wp:term":[{"taxonomy":"category","embeddable":true,"href":"https:\/\/agora.xtec.cat\/ceip-serramarina-sta-coloma\/wp-json\/wp\/v2\/categories?post=3716"},{"taxonomy":"post_tag","embeddable":true,"href":"https:\/\/agora.xtec.cat\/ceip-serramarina-sta-coloma\/wp-json\/wp\/v2\/tags?post=3716"}],"curies":[{"name":"wp","href":"https:\/\/api.w.org\/{rel}","templated":true}]}}