{"id":3704,"date":"2020-03-05T13:01:49","date_gmt":"2020-03-05T12:01:49","guid":{"rendered":"http:\/\/agora.xtec.cat\/ceip-serramarina-sta-coloma\/?p=3704"},"modified":"2020-03-05T13:01:49","modified_gmt":"2020-03-05T12:01:49","slug":"treballem-la-historia-a-5e","status":"publish","type":"post","link":"https:\/\/agora.xtec.cat\/ceip-serramarina-sta-coloma\/portada\/treballem-la-historia-a-5e\/","title":{"rendered":"TREBALLEM LA HIST\u00d2RIA A 5\u00c8"},"content":{"rendered":"<p><iframe loading=\"lazy\" title=\"SRR 19-20 CS 015\" width=\"500\" height=\"281\" src=\"https:\/\/www.youtube.com\/embed\/grKSOnrfn_w?feature=oembed\" frameborder=\"0\" allow=\"accelerometer; autoplay; clipboard-write; encrypted-media; gyroscope; picture-in-picture; web-share\" referrerpolicy=\"strict-origin-when-cross-origin\" allowfullscreen><\/iframe><br \/>\nA 5\u00e8 A estem treballant les diferents \u00e8poques de historia per descobrir d\u2019on venim i perqu\u00e8 avui, estem aix\u00ed, estem aprenem moltes coses com ara la duraci\u00f3 de cada \u00e8poca, que feien i vestien, com sobrevivien, qui governava. A m\u00e9s a m\u00e9s aprenem a treballar en grup, que ens ajuda a escoltar i ser m\u00e9s emp\u00e0tics.<\/p>\n","protected":false},"excerpt":{"rendered":"<p>A 5\u00e8 A estem treballant les diferents \u00e8poques de historia per descobrir d\u2019on venim i perqu\u00e8 avui, estem aix\u00ed, estem aprenem moltes coses com ara la duraci\u00f3 de cada \u00e8poca, que feien i vestien, com sobrevivien, qui governava. A m\u00e9s a m\u00e9s aprenem a treballar&hellip;  <a href=\"https:\/\/agora.xtec.cat\/ceip-serramarina-sta-coloma\/portada\/treballem-la-historia-a-5e\/\" title=\"Read TREBALLEM LA HIST\u00d2RIA A 5\u00c8\">Llegeix m\u00e9s\u00bb<\/a><\/p>\n","protected":false},"author":14,"featured_media":3705,"comment_status":"closed","ping_status":"closed","sticky":false,"template":"","format":"standard","meta":{"_bbp_topic_count":0,"_bbp_reply_count":0,"_bbp_total_topic_count":0,"_bbp_total_reply_count":0,"_bbp_voice_count":0,"_bbp_anonymous_reply_count":0,"_bbp_topic_count_hidden":0,"_bbp_reply_count_hidden":0,"_bbp_forum_subforum_count":0,"footnotes":""},"categories":[14,23,88,5,4],"tags":[],"class_list":["post-3704","post","type-post","status-publish","format-standard","has-post-thumbnail","hentry","category-5e","category-a-classe","category-curs-2019-2020","category-primaria","category-portada"],"post_mailing_queue_ids":[],"_links":{"self":[{"href":"https:\/\/agora.xtec.cat\/ceip-serramarina-sta-coloma\/wp-json\/wp\/v2\/posts\/3704","targetHints":{"allow":["GET"]}}],"collection":[{"href":"https:\/\/agora.xtec.cat\/ceip-serramarina-sta-coloma\/wp-json\/wp\/v2\/posts"}],"about":[{"href":"https:\/\/agora.xtec.cat\/ceip-serramarina-sta-coloma\/wp-json\/wp\/v2\/types\/post"}],"author":[{"embeddable":true,"href":"https:\/\/agora.xtec.cat\/ceip-serramarina-sta-coloma\/wp-json\/wp\/v2\/users\/14"}],"replies":[{"embeddable":true,"href":"https:\/\/agora.xtec.cat\/ceip-serramarina-sta-coloma\/wp-json\/wp\/v2\/comments?post=3704"}],"version-history":[{"count":1,"href":"https:\/\/agora.xtec.cat\/ceip-serramarina-sta-coloma\/wp-json\/wp\/v2\/posts\/3704\/revisions"}],"predecessor-version":[{"id":3706,"href":"https:\/\/agora.xtec.cat\/ceip-serramarina-sta-coloma\/wp-json\/wp\/v2\/posts\/3704\/revisions\/3706"}],"wp:featuredmedia":[{"embeddable":true,"href":"https:\/\/agora.xtec.cat\/ceip-serramarina-sta-coloma\/wp-json\/wp\/v2\/media\/3705"}],"wp:attachment":[{"href":"https:\/\/agora.xtec.cat\/ceip-serramarina-sta-coloma\/wp-json\/wp\/v2\/media?parent=3704"}],"wp:term":[{"taxonomy":"category","embeddable":true,"href":"https:\/\/agora.xtec.cat\/ceip-serramarina-sta-coloma\/wp-json\/wp\/v2\/categories?post=3704"},{"taxonomy":"post_tag","embeddable":true,"href":"https:\/\/agora.xtec.cat\/ceip-serramarina-sta-coloma\/wp-json\/wp\/v2\/tags?post=3704"}],"curies":[{"name":"wp","href":"https:\/\/api.w.org\/{rel}","templated":true}]}}