{"id":3643,"date":"2020-02-24T19:36:12","date_gmt":"2020-02-24T18:36:12","guid":{"rendered":"http:\/\/agora.xtec.cat\/ceip-serramarina-sta-coloma\/?p=3643"},"modified":"2020-02-24T19:39:31","modified_gmt":"2020-02-24T18:39:31","slug":"taller-de-ioga-amb-primer","status":"publish","type":"post","link":"https:\/\/agora.xtec.cat\/ceip-serramarina-sta-coloma\/portada\/taller-de-ioga-amb-primer\/","title":{"rendered":"TALLER DE IOGA AMB PRIMER!"},"content":{"rendered":"<p><iframe loading=\"lazy\" title=\"SRR 19-20 CI 028\" width=\"500\" height=\"375\" src=\"https:\/\/www.youtube.com\/embed\/C_gf_n7YoCQ?feature=oembed\" frameborder=\"0\" allow=\"accelerometer; autoplay; clipboard-write; encrypted-media; gyroscope; picture-in-picture; web-share\" referrerpolicy=\"strict-origin-when-cross-origin\" allowfullscreen><\/iframe><\/p>\n<p><iframe loading=\"lazy\" title=\"SRR 19-20 CI 029\" width=\"500\" height=\"281\" src=\"https:\/\/www.youtube.com\/embed\/BILlqc99AqM?feature=oembed\" frameborder=\"0\" allow=\"accelerometer; autoplay; clipboard-write; encrypted-media; gyroscope; picture-in-picture; web-share\" referrerpolicy=\"strict-origin-when-cross-origin\" allowfullscreen><\/iframe><\/p>\n<p>El dia 4 de febrer els alumnes de 1r A i el 11 de febrer el grup de 1r B vam fer un taller de Ioga a l\u2019escola!. Vam treballar la respiraci\u00f3 per situar-nos i relaxar-nos a trav\u00e9s de l\u2019Ommm. Tanmateix vam realitzar diferents din\u00e0miques de concentraci\u00f3 com la de saludar el sol. Seguidament vam estirar el nostre cos amb diferents postures d\u2019animals molt divertides i acompanyades sempre d\u2019una bona respiraci\u00f3. Finalment vam tancar la sessi\u00f3 amb amb una can\u00e7\u00f3 molt dol\u00e7a i agradable. La veritat \u00e9s que vam gaudir molt d\u2019aquesta activitat i ens ho vam passar d\u2019all\u00f2 m\u00e9s b\u00e9!.<\/p>\n","protected":false},"excerpt":{"rendered":"<p>El dia 4 de febrer els alumnes de 1r A i el 11 de febrer el grup de 1r B vam fer un taller de Ioga a l\u2019escola!. Vam treballar la respiraci\u00f3 per situar-nos i relaxar-nos a trav\u00e9s de l\u2019Ommm. Tanmateix vam realitzar diferents din\u00e0miques&hellip;  <a href=\"https:\/\/agora.xtec.cat\/ceip-serramarina-sta-coloma\/portada\/taller-de-ioga-amb-primer\/\" title=\"Read TALLER DE IOGA AMB PRIMER!\">Llegeix m\u00e9s\u00bb<\/a><\/p>\n","protected":false},"author":12,"featured_media":3646,"comment_status":"closed","ping_status":"closed","sticky":false,"template":"","format":"standard","meta":{"_bbp_topic_count":0,"_bbp_reply_count":0,"_bbp_total_topic_count":0,"_bbp_total_reply_count":0,"_bbp_voice_count":0,"_bbp_anonymous_reply_count":0,"_bbp_topic_count_hidden":0,"_bbp_reply_count_hidden":0,"_bbp_forum_subforum_count":0,"footnotes":""},"categories":[10,88,5,4,21],"tags":[],"class_list":["post-3643","post","type-post","status-publish","format-standard","has-post-thumbnail","hentry","category-1r","category-curs-2019-2020","category-primaria","category-portada","category-sortides"],"post_mailing_queue_ids":[],"_links":{"self":[{"href":"https:\/\/agora.xtec.cat\/ceip-serramarina-sta-coloma\/wp-json\/wp\/v2\/posts\/3643","targetHints":{"allow":["GET"]}}],"collection":[{"href":"https:\/\/agora.xtec.cat\/ceip-serramarina-sta-coloma\/wp-json\/wp\/v2\/posts"}],"about":[{"href":"https:\/\/agora.xtec.cat\/ceip-serramarina-sta-coloma\/wp-json\/wp\/v2\/types\/post"}],"author":[{"embeddable":true,"href":"https:\/\/agora.xtec.cat\/ceip-serramarina-sta-coloma\/wp-json\/wp\/v2\/users\/12"}],"replies":[{"embeddable":true,"href":"https:\/\/agora.xtec.cat\/ceip-serramarina-sta-coloma\/wp-json\/wp\/v2\/comments?post=3643"}],"version-history":[{"count":4,"href":"https:\/\/agora.xtec.cat\/ceip-serramarina-sta-coloma\/wp-json\/wp\/v2\/posts\/3643\/revisions"}],"predecessor-version":[{"id":3649,"href":"https:\/\/agora.xtec.cat\/ceip-serramarina-sta-coloma\/wp-json\/wp\/v2\/posts\/3643\/revisions\/3649"}],"wp:featuredmedia":[{"embeddable":true,"href":"https:\/\/agora.xtec.cat\/ceip-serramarina-sta-coloma\/wp-json\/wp\/v2\/media\/3646"}],"wp:attachment":[{"href":"https:\/\/agora.xtec.cat\/ceip-serramarina-sta-coloma\/wp-json\/wp\/v2\/media?parent=3643"}],"wp:term":[{"taxonomy":"category","embeddable":true,"href":"https:\/\/agora.xtec.cat\/ceip-serramarina-sta-coloma\/wp-json\/wp\/v2\/categories?post=3643"},{"taxonomy":"post_tag","embeddable":true,"href":"https:\/\/agora.xtec.cat\/ceip-serramarina-sta-coloma\/wp-json\/wp\/v2\/tags?post=3643"}],"curies":[{"name":"wp","href":"https:\/\/api.w.org\/{rel}","templated":true}]}}