{"id":3620,"date":"2020-03-13T12:40:58","date_gmt":"2020-03-13T11:40:58","guid":{"rendered":"http:\/\/agora.xtec.cat\/ceip-serramarina-sta-coloma\/?p=3620"},"modified":"2020-03-13T12:40:58","modified_gmt":"2020-03-13T11:40:58","slug":"investigadors-es-del-csi","status":"publish","type":"post","link":"https:\/\/agora.xtec.cat\/ceip-serramarina-sta-coloma\/portada\/investigadors-es-del-csi\/","title":{"rendered":"INVESTIGADORS\/ES DEL CSI"},"content":{"rendered":"<p><iframe loading=\"lazy\" title=\"SRR 19-20 CM 027\" width=\"500\" height=\"281\" src=\"https:\/\/www.youtube.com\/embed\/fN4RZoKxng4?feature=oembed\" frameborder=\"0\" allow=\"accelerometer; autoplay; clipboard-write; encrypted-media; gyroscope; picture-in-picture; web-share\" referrerpolicy=\"strict-origin-when-cross-origin\" allowfullscreen><\/iframe><\/p>\n<p><strong>INVESTIGADORS\/ES DEL CSI. 4tB. <\/strong>El passat dia 6 de febrer, vam fer una sortida a Torribera, al parc de l\u2019Ecometropoli. Durant aquesta sortida vam fer un taller d\u2019investigaci\u00f3 \u201cCSI\u201d per con\u00e8ixer millor les pistes que pot deixar el nostre cos. A m\u00e9s tamb\u00e9 vam fer una volta per la Serralada de la Marina, per veure la seva flora i la seva fauna.<\/p>\n","protected":false},"excerpt":{"rendered":"<p>INVESTIGADORS\/ES DEL CSI. 4tB. El passat dia 6 de febrer, vam fer una sortida a Torribera, al parc de l\u2019Ecometropoli. Durant aquesta sortida vam fer un taller d\u2019investigaci\u00f3 \u201cCSI\u201d per con\u00e8ixer millor les pistes que pot deixar el nostre cos. A m\u00e9s tamb\u00e9 vam fer&hellip;  <a href=\"https:\/\/agora.xtec.cat\/ceip-serramarina-sta-coloma\/portada\/investigadors-es-del-csi\/\" title=\"Read INVESTIGADORS\/ES DEL CSI\">Llegeix m\u00e9s\u00bb<\/a><\/p>\n","protected":false},"author":13,"featured_media":3727,"comment_status":"closed","ping_status":"closed","sticky":false,"template":"","format":"standard","meta":{"_bbp_topic_count":0,"_bbp_reply_count":0,"_bbp_total_topic_count":0,"_bbp_total_reply_count":0,"_bbp_voice_count":0,"_bbp_anonymous_reply_count":0,"_bbp_topic_count_hidden":0,"_bbp_reply_count_hidden":0,"_bbp_forum_subforum_count":0,"footnotes":""},"categories":[13,88,5,4,21],"tags":[],"class_list":["post-3620","post","type-post","status-publish","format-standard","has-post-thumbnail","hentry","category-4t","category-curs-2019-2020","category-primaria","category-portada","category-sortides"],"post_mailing_queue_ids":[],"_links":{"self":[{"href":"https:\/\/agora.xtec.cat\/ceip-serramarina-sta-coloma\/wp-json\/wp\/v2\/posts\/3620","targetHints":{"allow":["GET"]}}],"collection":[{"href":"https:\/\/agora.xtec.cat\/ceip-serramarina-sta-coloma\/wp-json\/wp\/v2\/posts"}],"about":[{"href":"https:\/\/agora.xtec.cat\/ceip-serramarina-sta-coloma\/wp-json\/wp\/v2\/types\/post"}],"author":[{"embeddable":true,"href":"https:\/\/agora.xtec.cat\/ceip-serramarina-sta-coloma\/wp-json\/wp\/v2\/users\/13"}],"replies":[{"embeddable":true,"href":"https:\/\/agora.xtec.cat\/ceip-serramarina-sta-coloma\/wp-json\/wp\/v2\/comments?post=3620"}],"version-history":[{"count":1,"href":"https:\/\/agora.xtec.cat\/ceip-serramarina-sta-coloma\/wp-json\/wp\/v2\/posts\/3620\/revisions"}],"predecessor-version":[{"id":3621,"href":"https:\/\/agora.xtec.cat\/ceip-serramarina-sta-coloma\/wp-json\/wp\/v2\/posts\/3620\/revisions\/3621"}],"wp:featuredmedia":[{"embeddable":true,"href":"https:\/\/agora.xtec.cat\/ceip-serramarina-sta-coloma\/wp-json\/wp\/v2\/media\/3727"}],"wp:attachment":[{"href":"https:\/\/agora.xtec.cat\/ceip-serramarina-sta-coloma\/wp-json\/wp\/v2\/media?parent=3620"}],"wp:term":[{"taxonomy":"category","embeddable":true,"href":"https:\/\/agora.xtec.cat\/ceip-serramarina-sta-coloma\/wp-json\/wp\/v2\/categories?post=3620"},{"taxonomy":"post_tag","embeddable":true,"href":"https:\/\/agora.xtec.cat\/ceip-serramarina-sta-coloma\/wp-json\/wp\/v2\/tags?post=3620"}],"curies":[{"name":"wp","href":"https:\/\/api.w.org\/{rel}","templated":true}]}}