{"id":3501,"date":"2019-12-24T13:31:50","date_gmt":"2019-12-24T12:31:50","guid":{"rendered":"http:\/\/agora.xtec.cat\/ceip-serramarina-sta-coloma\/?p=3501"},"modified":"2019-12-24T13:31:50","modified_gmt":"2019-12-24T12:31:50","slug":"raco-de-la-diversitat","status":"publish","type":"post","link":"https:\/\/agora.xtec.cat\/ceip-serramarina-sta-coloma\/portada\/raco-de-la-diversitat\/","title":{"rendered":"RAC\u00d3 DE LA DIVERSITAT"},"content":{"rendered":"<p><iframe loading=\"lazy\" title=\"SRR 19-20 BIBLIO 004\" width=\"500\" height=\"375\" src=\"https:\/\/www.youtube.com\/embed\/RqfzWi-_l5w?feature=oembed\" frameborder=\"0\" allow=\"accelerometer; autoplay; clipboard-write; encrypted-media; gyroscope; picture-in-picture; web-share\" referrerpolicy=\"strict-origin-when-cross-origin\" allowfullscreen><\/iframe><\/p>\n<p>RAC\u00d3 DE LA DIVERSITAT<br \/>\nJa fa quatre cursos que el rac\u00f3 de la diversitat est\u00e0 creixent. Va iniciar-se amb llibres per educaci\u00f3 infantil i cada curs hem anat fent el rac\u00f3 m\u00e9s gran amb la resta de cicles de prim\u00e0ria.<br \/>\nActualment tenim llibres per treballar diversos aspectes d\u2019atenci\u00f3 a la diversitat de cicle inicial i mitja&#8230;i el curs vinent en posarem per cicle superior.<br \/>\nS\u00f3n les ultimes novetats liter\u00e0ries en llibres per tractar la diversitat en tots els seus aspectes.<\/p>\n","protected":false},"excerpt":{"rendered":"<p>RAC\u00d3 DE LA DIVERSITAT<br \/>\nJa fa quatre cursos que el rac\u00f3 de la diversitat est\u00e0 creixent. Va iniciar-se amb llibres per educaci\u00f3 infantil i cada curs hem anat fent el rac\u00f3 m\u00e9s gran amb la resta de cicles de prim\u00e0ria.<br \/>\nActualment tenim llibres per treballar diversos aspectes&hellip;  <a href=\"https:\/\/agora.xtec.cat\/ceip-serramarina-sta-coloma\/portada\/raco-de-la-diversitat\/\" title=\"Read RAC\u00d3 DE LA DIVERSITAT\">Llegeix m\u00e9s\u00bb<\/a><\/p>\n","protected":false},"author":11,"featured_media":3502,"comment_status":"closed","ping_status":"closed","sticky":false,"template":"","format":"standard","meta":{"_bbp_topic_count":0,"_bbp_reply_count":0,"_bbp_total_topic_count":0,"_bbp_total_reply_count":0,"_bbp_voice_count":0,"_bbp_anonymous_reply_count":0,"_bbp_topic_count_hidden":0,"_bbp_reply_count_hidden":0,"_bbp_forum_subforum_count":0,"footnotes":""},"categories":[86,88,45,4],"tags":[],"class_list":["post-3501","post","type-post","status-publish","format-standard","has-post-thumbnail","hentry","category-biblioteca","category-curs-2019-2020","category-especialitats","category-portada"],"post_mailing_queue_ids":[],"_links":{"self":[{"href":"https:\/\/agora.xtec.cat\/ceip-serramarina-sta-coloma\/wp-json\/wp\/v2\/posts\/3501","targetHints":{"allow":["GET"]}}],"collection":[{"href":"https:\/\/agora.xtec.cat\/ceip-serramarina-sta-coloma\/wp-json\/wp\/v2\/posts"}],"about":[{"href":"https:\/\/agora.xtec.cat\/ceip-serramarina-sta-coloma\/wp-json\/wp\/v2\/types\/post"}],"author":[{"embeddable":true,"href":"https:\/\/agora.xtec.cat\/ceip-serramarina-sta-coloma\/wp-json\/wp\/v2\/users\/11"}],"replies":[{"embeddable":true,"href":"https:\/\/agora.xtec.cat\/ceip-serramarina-sta-coloma\/wp-json\/wp\/v2\/comments?post=3501"}],"version-history":[{"count":1,"href":"https:\/\/agora.xtec.cat\/ceip-serramarina-sta-coloma\/wp-json\/wp\/v2\/posts\/3501\/revisions"}],"predecessor-version":[{"id":3503,"href":"https:\/\/agora.xtec.cat\/ceip-serramarina-sta-coloma\/wp-json\/wp\/v2\/posts\/3501\/revisions\/3503"}],"wp:featuredmedia":[{"embeddable":true,"href":"https:\/\/agora.xtec.cat\/ceip-serramarina-sta-coloma\/wp-json\/wp\/v2\/media\/3502"}],"wp:attachment":[{"href":"https:\/\/agora.xtec.cat\/ceip-serramarina-sta-coloma\/wp-json\/wp\/v2\/media?parent=3501"}],"wp:term":[{"taxonomy":"category","embeddable":true,"href":"https:\/\/agora.xtec.cat\/ceip-serramarina-sta-coloma\/wp-json\/wp\/v2\/categories?post=3501"},{"taxonomy":"post_tag","embeddable":true,"href":"https:\/\/agora.xtec.cat\/ceip-serramarina-sta-coloma\/wp-json\/wp\/v2\/tags?post=3501"}],"curies":[{"name":"wp","href":"https:\/\/api.w.org\/{rel}","templated":true}]}}