{"id":3489,"date":"2019-12-23T13:53:29","date_gmt":"2019-12-23T12:53:29","guid":{"rendered":"http:\/\/agora.xtec.cat\/ceip-serramarina-sta-coloma\/?p=3489"},"modified":"2019-12-23T13:53:29","modified_gmt":"2019-12-23T12:53:29","slug":"experiments-fenomens-naturals-6e-b","status":"publish","type":"post","link":"https:\/\/agora.xtec.cat\/ceip-serramarina-sta-coloma\/portada\/experiments-fenomens-naturals-6e-b\/","title":{"rendered":"EXPERIMENTS FEN\u00d2MENS NATURALS 6\u00e8 B"},"content":{"rendered":"<p><iframe loading=\"lazy\" title=\"SRR 19-20 CS 013\" width=\"500\" height=\"281\" src=\"https:\/\/www.youtube.com\/embed\/7VHRDxgAnsw?feature=oembed\" frameborder=\"0\" allow=\"accelerometer; autoplay; clipboard-write; encrypted-media; gyroscope; picture-in-picture; web-share\" referrerpolicy=\"strict-origin-when-cross-origin\" allowfullscreen><\/iframe><\/p>\n<p>Els alumnes de 6\u00e8 B van fer els experiments relacionats amb els diferents fen\u00f2mens naturals: gu\u00e8iser, volc\u00e0 i tsunami. Alguns dels experiments no van sortir com esper\u00e0vem per\u00f2 han apr\u00e8s dels errors i ja saben com millorar-los.<\/p>\n","protected":false},"excerpt":{"rendered":"<p>Els alumnes de 6\u00e8 B van fer els experiments relacionats amb els diferents fen\u00f2mens naturals: gu\u00e8iser, volc\u00e0 i tsunami. Alguns dels experiments no van sortir com esper\u00e0vem per\u00f2 han apr\u00e8s dels errors i ja saben com millorar-los.<\/p>\n","protected":false},"author":14,"featured_media":3490,"comment_status":"closed","ping_status":"closed","sticky":false,"template":"","format":"standard","meta":{"_bbp_topic_count":0,"_bbp_reply_count":0,"_bbp_total_topic_count":0,"_bbp_total_reply_count":0,"_bbp_voice_count":0,"_bbp_anonymous_reply_count":0,"_bbp_topic_count_hidden":0,"_bbp_reply_count_hidden":0,"_bbp_forum_subforum_count":0,"footnotes":""},"categories":[15,88,5,4],"tags":[],"class_list":["post-3489","post","type-post","status-publish","format-standard","has-post-thumbnail","hentry","category-6e","category-curs-2019-2020","category-primaria","category-portada"],"post_mailing_queue_ids":[],"_links":{"self":[{"href":"https:\/\/agora.xtec.cat\/ceip-serramarina-sta-coloma\/wp-json\/wp\/v2\/posts\/3489","targetHints":{"allow":["GET"]}}],"collection":[{"href":"https:\/\/agora.xtec.cat\/ceip-serramarina-sta-coloma\/wp-json\/wp\/v2\/posts"}],"about":[{"href":"https:\/\/agora.xtec.cat\/ceip-serramarina-sta-coloma\/wp-json\/wp\/v2\/types\/post"}],"author":[{"embeddable":true,"href":"https:\/\/agora.xtec.cat\/ceip-serramarina-sta-coloma\/wp-json\/wp\/v2\/users\/14"}],"replies":[{"embeddable":true,"href":"https:\/\/agora.xtec.cat\/ceip-serramarina-sta-coloma\/wp-json\/wp\/v2\/comments?post=3489"}],"version-history":[{"count":1,"href":"https:\/\/agora.xtec.cat\/ceip-serramarina-sta-coloma\/wp-json\/wp\/v2\/posts\/3489\/revisions"}],"predecessor-version":[{"id":3491,"href":"https:\/\/agora.xtec.cat\/ceip-serramarina-sta-coloma\/wp-json\/wp\/v2\/posts\/3489\/revisions\/3491"}],"wp:featuredmedia":[{"embeddable":true,"href":"https:\/\/agora.xtec.cat\/ceip-serramarina-sta-coloma\/wp-json\/wp\/v2\/media\/3490"}],"wp:attachment":[{"href":"https:\/\/agora.xtec.cat\/ceip-serramarina-sta-coloma\/wp-json\/wp\/v2\/media?parent=3489"}],"wp:term":[{"taxonomy":"category","embeddable":true,"href":"https:\/\/agora.xtec.cat\/ceip-serramarina-sta-coloma\/wp-json\/wp\/v2\/categories?post=3489"},{"taxonomy":"post_tag","embeddable":true,"href":"https:\/\/agora.xtec.cat\/ceip-serramarina-sta-coloma\/wp-json\/wp\/v2\/tags?post=3489"}],"curies":[{"name":"wp","href":"https:\/\/api.w.org\/{rel}","templated":true}]}}