{"id":3481,"date":"2019-12-23T10:21:28","date_gmt":"2019-12-23T09:21:28","guid":{"rendered":"http:\/\/agora.xtec.cat\/ceip-serramarina-sta-coloma\/?p=3481"},"modified":"2019-12-23T10:21:28","modified_gmt":"2019-12-23T09:21:28","slug":"benvingut-desembre","status":"publish","type":"post","link":"https:\/\/agora.xtec.cat\/ceip-serramarina-sta-coloma\/general\/benvingut-desembre\/","title":{"rendered":"Benvingut Desembre!"},"content":{"rendered":"<p><iframe loading=\"lazy\" title=\"SRR 19-20 EI 026\" width=\"500\" height=\"281\" src=\"https:\/\/www.youtube.com\/embed\/uPOGkXRDEyM?feature=oembed\" frameborder=\"0\" allow=\"accelerometer; autoplay; clipboard-write; encrypted-media; gyroscope; picture-in-picture; web-share\" referrerpolicy=\"strict-origin-when-cross-origin\" allowfullscreen><\/iframe><br \/>\nBenvingut Desembre!<\/p>\n<p>Els nens i nenes de la classe de les Fades i els follets ens ho passem d\u2019all\u00f2 m\u00e9s b\u00e9 quan anem a divertir-nos a l\u2019aula Espai i a la Biblioteca. Ens encanta disfressar-nos d\u2019astronautes i jugar amb la taula de llums!! A la Biblioteca imaginem, mirem, gaudim i compartim amb els companys\/es de classe mirant els contes d\u2019Infantil.<br \/>\nAquest mes tamb\u00e9 ens hem preparat pel concert de Nadal, hem cantat i ballat a la classe i ens ho hem passat pipa!!!<br \/>\nTamb\u00e9 ens ha donat temps de jugar i compartir el temps jugant amb els amics de la classe.<\/p>\n<p>BON NADAL A TOTHOM!<\/p>\n","protected":false},"excerpt":{"rendered":"<p>Benvingut Desembre!<br \/>\nEls nens i nenes de la classe de les Fades i els follets ens ho passem d\u2019all\u00f2 m\u00e9s b\u00e9 quan anem a divertir-nos a l\u2019aula Espai i a la Biblioteca. Ens encanta disfressar-nos d\u2019astronautes i jugar amb la taula de llums!! A la Biblioteca&hellip;  <a href=\"https:\/\/agora.xtec.cat\/ceip-serramarina-sta-coloma\/general\/benvingut-desembre\/\" title=\"Read Benvingut Desembre!\">Llegeix m\u00e9s\u00bb<\/a><\/p>\n","protected":false},"author":9,"featured_media":3482,"comment_status":"closed","ping_status":"closed","sticky":false,"template":"","format":"standard","meta":{"_bbp_topic_count":0,"_bbp_reply_count":0,"_bbp_total_topic_count":0,"_bbp_total_reply_count":0,"_bbp_voice_count":0,"_bbp_anonymous_reply_count":0,"_bbp_topic_count_hidden":0,"_bbp_reply_count_hidden":0,"_bbp_forum_subforum_count":0,"footnotes":""},"categories":[23,88,2,1,8,4],"tags":[],"class_list":["post-3481","post","type-post","status-publish","format-standard","has-post-thumbnail","hentry","category-a-classe","category-curs-2019-2020","category-infantil","category-general","category-p4","category-portada"],"post_mailing_queue_ids":[],"_links":{"self":[{"href":"https:\/\/agora.xtec.cat\/ceip-serramarina-sta-coloma\/wp-json\/wp\/v2\/posts\/3481","targetHints":{"allow":["GET"]}}],"collection":[{"href":"https:\/\/agora.xtec.cat\/ceip-serramarina-sta-coloma\/wp-json\/wp\/v2\/posts"}],"about":[{"href":"https:\/\/agora.xtec.cat\/ceip-serramarina-sta-coloma\/wp-json\/wp\/v2\/types\/post"}],"author":[{"embeddable":true,"href":"https:\/\/agora.xtec.cat\/ceip-serramarina-sta-coloma\/wp-json\/wp\/v2\/users\/9"}],"replies":[{"embeddable":true,"href":"https:\/\/agora.xtec.cat\/ceip-serramarina-sta-coloma\/wp-json\/wp\/v2\/comments?post=3481"}],"version-history":[{"count":1,"href":"https:\/\/agora.xtec.cat\/ceip-serramarina-sta-coloma\/wp-json\/wp\/v2\/posts\/3481\/revisions"}],"predecessor-version":[{"id":3483,"href":"https:\/\/agora.xtec.cat\/ceip-serramarina-sta-coloma\/wp-json\/wp\/v2\/posts\/3481\/revisions\/3483"}],"wp:featuredmedia":[{"embeddable":true,"href":"https:\/\/agora.xtec.cat\/ceip-serramarina-sta-coloma\/wp-json\/wp\/v2\/media\/3482"}],"wp:attachment":[{"href":"https:\/\/agora.xtec.cat\/ceip-serramarina-sta-coloma\/wp-json\/wp\/v2\/media?parent=3481"}],"wp:term":[{"taxonomy":"category","embeddable":true,"href":"https:\/\/agora.xtec.cat\/ceip-serramarina-sta-coloma\/wp-json\/wp\/v2\/categories?post=3481"},{"taxonomy":"post_tag","embeddable":true,"href":"https:\/\/agora.xtec.cat\/ceip-serramarina-sta-coloma\/wp-json\/wp\/v2\/tags?post=3481"}],"curies":[{"name":"wp","href":"https:\/\/api.w.org\/{rel}","templated":true}]}}