{"id":3451,"date":"2019-12-19T23:04:12","date_gmt":"2019-12-19T22:04:12","guid":{"rendered":"http:\/\/agora.xtec.cat\/ceip-serramarina-sta-coloma\/?p=3451"},"modified":"2019-12-19T23:04:12","modified_gmt":"2019-12-19T22:04:12","slug":"els-jardins-tunisians-de-paul-klee","status":"publish","type":"post","link":"https:\/\/agora.xtec.cat\/ceip-serramarina-sta-coloma\/general\/els-jardins-tunisians-de-paul-klee\/","title":{"rendered":"ELS JARDINS TUNISIANS DE PAUL KLEE"},"content":{"rendered":"<p><iframe loading=\"lazy\" title=\"SRR 19-20 EI 023\" width=\"500\" height=\"281\" src=\"https:\/\/www.youtube.com\/embed\/LQHDGAw1o3I?feature=oembed\" frameborder=\"0\" allow=\"accelerometer; autoplay; clipboard-write; encrypted-media; gyroscope; picture-in-picture; web-share\" referrerpolicy=\"strict-origin-when-cross-origin\" allowfullscreen><\/iframe><\/p>\n<p>Els nens i les nenes de P4A hem treballat els colors de la tardor a partir del quadre Jardins de Tun\u00edsia del pintor alemany Paul Klee (1879-1940). Aquest pintor despr\u00e9s de fer un viatge a l\u2019\u00c0frica, va quedar-se fascinat pel color i per la seva llum. A partir d\u2019aqu\u00ed, les seves obres semblen mosaics amb combinacions i gradacions de colors molt bonics. Paul Klee va ser amic de Wassily Kandinsky, pintor que treballarem tamb\u00e9 m\u00e9s endavant. Ambd\u00f3s van ser professors de la Bauhaus i destaquen com a representants de l\u2019art abstracte.<br \/>\nHem vist algunes obres de Klee i hem fet el nostre propi quadre a partir de l\u2019observaci\u00f3 i l\u2019an\u00e0lisi dels Jardins de Tun\u00edsia (1919), on podem observar petites cases en una ciutat jard\u00ed. Hem estampat el fons amb esponges i pintures i posteriorment hem dibuixat elements d\u2019aquesta estaci\u00f3: arbres, fulles, fruites i fruits\u2026 amb una cera negra.<br \/>\nTenim les nostres obres exposades al nostre passad\u00eds, fins que marxi la tardor i arribi l\u2019hivern!<\/p>\n","protected":false},"excerpt":{"rendered":"<p>Els nens i les nenes de P4A hem treballat els colors de la tardor a partir del quadre Jardins de Tun\u00edsia del pintor alemany Paul Klee (1879-1940). Aquest pintor despr\u00e9s de fer un viatge a l\u2019\u00c0frica, va quedar-se fascinat pel color i per la seva&hellip;  <a href=\"https:\/\/agora.xtec.cat\/ceip-serramarina-sta-coloma\/general\/els-jardins-tunisians-de-paul-klee\/\" title=\"Read ELS JARDINS TUNISIANS DE PAUL KLEE\">Llegeix m\u00e9s\u00bb<\/a><\/p>\n","protected":false},"author":9,"featured_media":3452,"comment_status":"closed","ping_status":"closed","sticky":false,"template":"","format":"standard","meta":{"_bbp_topic_count":0,"_bbp_reply_count":0,"_bbp_total_topic_count":0,"_bbp_total_reply_count":0,"_bbp_voice_count":0,"_bbp_anonymous_reply_count":0,"_bbp_topic_count_hidden":0,"_bbp_reply_count_hidden":0,"_bbp_forum_subforum_count":0,"footnotes":""},"categories":[23,88,2,1,8,4],"tags":[],"class_list":["post-3451","post","type-post","status-publish","format-standard","has-post-thumbnail","hentry","category-a-classe","category-curs-2019-2020","category-infantil","category-general","category-p4","category-portada"],"post_mailing_queue_ids":[],"_links":{"self":[{"href":"https:\/\/agora.xtec.cat\/ceip-serramarina-sta-coloma\/wp-json\/wp\/v2\/posts\/3451","targetHints":{"allow":["GET"]}}],"collection":[{"href":"https:\/\/agora.xtec.cat\/ceip-serramarina-sta-coloma\/wp-json\/wp\/v2\/posts"}],"about":[{"href":"https:\/\/agora.xtec.cat\/ceip-serramarina-sta-coloma\/wp-json\/wp\/v2\/types\/post"}],"author":[{"embeddable":true,"href":"https:\/\/agora.xtec.cat\/ceip-serramarina-sta-coloma\/wp-json\/wp\/v2\/users\/9"}],"replies":[{"embeddable":true,"href":"https:\/\/agora.xtec.cat\/ceip-serramarina-sta-coloma\/wp-json\/wp\/v2\/comments?post=3451"}],"version-history":[{"count":1,"href":"https:\/\/agora.xtec.cat\/ceip-serramarina-sta-coloma\/wp-json\/wp\/v2\/posts\/3451\/revisions"}],"predecessor-version":[{"id":3453,"href":"https:\/\/agora.xtec.cat\/ceip-serramarina-sta-coloma\/wp-json\/wp\/v2\/posts\/3451\/revisions\/3453"}],"wp:featuredmedia":[{"embeddable":true,"href":"https:\/\/agora.xtec.cat\/ceip-serramarina-sta-coloma\/wp-json\/wp\/v2\/media\/3452"}],"wp:attachment":[{"href":"https:\/\/agora.xtec.cat\/ceip-serramarina-sta-coloma\/wp-json\/wp\/v2\/media?parent=3451"}],"wp:term":[{"taxonomy":"category","embeddable":true,"href":"https:\/\/agora.xtec.cat\/ceip-serramarina-sta-coloma\/wp-json\/wp\/v2\/categories?post=3451"},{"taxonomy":"post_tag","embeddable":true,"href":"https:\/\/agora.xtec.cat\/ceip-serramarina-sta-coloma\/wp-json\/wp\/v2\/tags?post=3451"}],"curies":[{"name":"wp","href":"https:\/\/api.w.org\/{rel}","templated":true}]}}