{"id":3445,"date":"2019-12-19T22:48:09","date_gmt":"2019-12-19T21:48:09","guid":{"rendered":"http:\/\/agora.xtec.cat\/ceip-serramarina-sta-coloma\/?p=3445"},"modified":"2019-12-19T22:48:09","modified_gmt":"2019-12-19T21:48:09","slug":"hem-pintat-els-nostres-barrets-dhivern","status":"publish","type":"post","link":"https:\/\/agora.xtec.cat\/ceip-serramarina-sta-coloma\/general\/hem-pintat-els-nostres-barrets-dhivern\/","title":{"rendered":"HEM PINTAT ELS NOSTRES BARRETS D&#8217;HIVERN"},"content":{"rendered":"<p><iframe loading=\"lazy\" title=\"SRR19-20 EI 021\" width=\"500\" height=\"281\" src=\"https:\/\/www.youtube.com\/embed\/y7qxnFUed3U?feature=oembed\" frameborder=\"0\" allow=\"accelerometer; autoplay; clipboard-write; encrypted-media; gyroscope; picture-in-picture; web-share\" referrerpolicy=\"strict-origin-when-cross-origin\" allowfullscreen><\/iframe><\/p>\n<p>Tot i que encara no ha arribat l\u2019hivern, ja queda poc i aquests dies ha fet molt de fred. Aix\u00ed que els alumnes de p3 hem pintat el nostre propi Barret.<br \/>\nAquesta vegada no hem utilitzat ceres, ni colors, ni retoladors, sin\u00f3 que hem utilitzat pintura. Nom\u00e9s hem fet servir tres colors: el verd, el groc i el Vermell; per\u00f2 hav\u00edem d\u2019estar molt concentrats per no barrejar-los i pintar cada part del Barret d\u2019un color diferent. Han quedat uns barrets molt divertits! <\/p>\n","protected":false},"excerpt":{"rendered":"<p>Tot i que encara no ha arribat l\u2019hivern, ja queda poc i aquests dies ha fet molt de fred. Aix\u00ed que els alumnes de p3 hem pintat el nostre propi Barret.<br \/>\nAquesta vegada no hem utilitzat ceres, ni colors, ni retoladors, sin\u00f3 que hem utilitzat pintura.&hellip;  <a href=\"https:\/\/agora.xtec.cat\/ceip-serramarina-sta-coloma\/general\/hem-pintat-els-nostres-barrets-dhivern\/\" title=\"Read HEM PINTAT ELS NOSTRES BARRETS D&#8217;HIVERN\">Llegeix m\u00e9s\u00bb<\/a><\/p>\n","protected":false},"author":9,"featured_media":3446,"comment_status":"closed","ping_status":"closed","sticky":false,"template":"","format":"standard","meta":{"_bbp_topic_count":0,"_bbp_reply_count":0,"_bbp_total_topic_count":0,"_bbp_total_reply_count":0,"_bbp_voice_count":0,"_bbp_anonymous_reply_count":0,"_bbp_topic_count_hidden":0,"_bbp_reply_count_hidden":0,"_bbp_forum_subforum_count":0,"footnotes":""},"categories":[23,88,2,1,3,4],"tags":[],"class_list":["post-3445","post","type-post","status-publish","format-standard","has-post-thumbnail","hentry","category-a-classe","category-curs-2019-2020","category-infantil","category-general","category-p3","category-portada"],"post_mailing_queue_ids":[],"_links":{"self":[{"href":"https:\/\/agora.xtec.cat\/ceip-serramarina-sta-coloma\/wp-json\/wp\/v2\/posts\/3445","targetHints":{"allow":["GET"]}}],"collection":[{"href":"https:\/\/agora.xtec.cat\/ceip-serramarina-sta-coloma\/wp-json\/wp\/v2\/posts"}],"about":[{"href":"https:\/\/agora.xtec.cat\/ceip-serramarina-sta-coloma\/wp-json\/wp\/v2\/types\/post"}],"author":[{"embeddable":true,"href":"https:\/\/agora.xtec.cat\/ceip-serramarina-sta-coloma\/wp-json\/wp\/v2\/users\/9"}],"replies":[{"embeddable":true,"href":"https:\/\/agora.xtec.cat\/ceip-serramarina-sta-coloma\/wp-json\/wp\/v2\/comments?post=3445"}],"version-history":[{"count":1,"href":"https:\/\/agora.xtec.cat\/ceip-serramarina-sta-coloma\/wp-json\/wp\/v2\/posts\/3445\/revisions"}],"predecessor-version":[{"id":3447,"href":"https:\/\/agora.xtec.cat\/ceip-serramarina-sta-coloma\/wp-json\/wp\/v2\/posts\/3445\/revisions\/3447"}],"wp:featuredmedia":[{"embeddable":true,"href":"https:\/\/agora.xtec.cat\/ceip-serramarina-sta-coloma\/wp-json\/wp\/v2\/media\/3446"}],"wp:attachment":[{"href":"https:\/\/agora.xtec.cat\/ceip-serramarina-sta-coloma\/wp-json\/wp\/v2\/media?parent=3445"}],"wp:term":[{"taxonomy":"category","embeddable":true,"href":"https:\/\/agora.xtec.cat\/ceip-serramarina-sta-coloma\/wp-json\/wp\/v2\/categories?post=3445"},{"taxonomy":"post_tag","embeddable":true,"href":"https:\/\/agora.xtec.cat\/ceip-serramarina-sta-coloma\/wp-json\/wp\/v2\/tags?post=3445"}],"curies":[{"name":"wp","href":"https:\/\/api.w.org\/{rel}","templated":true}]}}