{"id":3411,"date":"2019-12-04T13:33:59","date_gmt":"2019-12-04T12:33:59","guid":{"rendered":"http:\/\/agora.xtec.cat\/ceip-serramarina-sta-coloma\/?p=3411"},"modified":"2019-12-04T13:33:59","modified_gmt":"2019-12-04T12:33:59","slug":"els-nostres-racons-nous","status":"publish","type":"post","link":"https:\/\/agora.xtec.cat\/ceip-serramarina-sta-coloma\/portada\/els-nostres-racons-nous\/","title":{"rendered":"ELS NOSTRES RACONS NOUS"},"content":{"rendered":"<p><iframe loading=\"lazy\" title=\"SRR 19-20 AA 003\" width=\"500\" height=\"281\" src=\"https:\/\/www.youtube.com\/embed\/1dhmh5QTfNw?feature=oembed\" frameborder=\"0\" allow=\"accelerometer; autoplay; clipboard-write; encrypted-media; gyroscope; picture-in-picture; web-share\" referrerpolicy=\"strict-origin-when-cross-origin\" allowfullscreen><\/iframe><\/p>\n<p>ELS NOSTRES RACONS NOUS<\/p>\n<p>Aquest any hem estrenat 4 racons de llengua nous a la nostra aula:<br \/>\nRac\u00f3: El gran dictat. On reforcem la consci\u00e8ncia fonol\u00f2gica a trav\u00e9s de la via l\u00e8xica i fonol\u00f2gica amb el dictat mut; i la via fonol\u00f2gica amb la pr\u00e0ctica de l&#8217;estrat\u00e8gia del lletreig amb el joc del gran dictat.<br \/>\nRac\u00f3: Qui \u00e9s qui? On practiquem l&#8217;expressi\u00f3 oral a partir de la gamificaci\u00f3.<br \/>\nRac\u00f3: Juguem amb les lletres. On treballem el grafisme i la consci\u00e8ncia fonol\u00f2gica<br \/>\nRac\u00f3: Llegim i ens gravem. On millorem la nostra comprensi\u00f3 lectora i la flu\u00efdesa lectora.<\/p>\n","protected":false},"excerpt":{"rendered":"<p>ELS NOSTRES RACONS NOUS<br \/>\nAquest any hem estrenat 4 racons de llengua nous a la nostra aula:<br \/>\nRac\u00f3: El gran dictat. On reforcem la consci\u00e8ncia fonol\u00f2gica a trav\u00e9s de la via l\u00e8xica i fonol\u00f2gica amb el dictat mut; i la via fonol\u00f2gica amb la pr\u00e0ctica de l&#8217;estrat\u00e8gia&hellip;  <a href=\"https:\/\/agora.xtec.cat\/ceip-serramarina-sta-coloma\/portada\/els-nostres-racons-nous\/\" title=\"Read ELS NOSTRES RACONS NOUS\">Llegeix m\u00e9s\u00bb<\/a><\/p>\n","protected":false},"author":11,"featured_media":3412,"comment_status":"closed","ping_status":"closed","sticky":false,"template":"","format":"standard","meta":{"_bbp_topic_count":0,"_bbp_reply_count":0,"_bbp_total_topic_count":0,"_bbp_total_reply_count":0,"_bbp_voice_count":0,"_bbp_anonymous_reply_count":0,"_bbp_topic_count_hidden":0,"_bbp_reply_count_hidden":0,"_bbp_forum_subforum_count":0,"footnotes":""},"categories":[78,88,5,45,4],"tags":[],"class_list":["post-3411","post","type-post","status-publish","format-standard","has-post-thumbnail","hentry","category-especialitats-especialitats","category-curs-2019-2020","category-primaria","category-especialitats","category-portada"],"post_mailing_queue_ids":[],"_links":{"self":[{"href":"https:\/\/agora.xtec.cat\/ceip-serramarina-sta-coloma\/wp-json\/wp\/v2\/posts\/3411","targetHints":{"allow":["GET"]}}],"collection":[{"href":"https:\/\/agora.xtec.cat\/ceip-serramarina-sta-coloma\/wp-json\/wp\/v2\/posts"}],"about":[{"href":"https:\/\/agora.xtec.cat\/ceip-serramarina-sta-coloma\/wp-json\/wp\/v2\/types\/post"}],"author":[{"embeddable":true,"href":"https:\/\/agora.xtec.cat\/ceip-serramarina-sta-coloma\/wp-json\/wp\/v2\/users\/11"}],"replies":[{"embeddable":true,"href":"https:\/\/agora.xtec.cat\/ceip-serramarina-sta-coloma\/wp-json\/wp\/v2\/comments?post=3411"}],"version-history":[{"count":1,"href":"https:\/\/agora.xtec.cat\/ceip-serramarina-sta-coloma\/wp-json\/wp\/v2\/posts\/3411\/revisions"}],"predecessor-version":[{"id":3413,"href":"https:\/\/agora.xtec.cat\/ceip-serramarina-sta-coloma\/wp-json\/wp\/v2\/posts\/3411\/revisions\/3413"}],"wp:featuredmedia":[{"embeddable":true,"href":"https:\/\/agora.xtec.cat\/ceip-serramarina-sta-coloma\/wp-json\/wp\/v2\/media\/3412"}],"wp:attachment":[{"href":"https:\/\/agora.xtec.cat\/ceip-serramarina-sta-coloma\/wp-json\/wp\/v2\/media?parent=3411"}],"wp:term":[{"taxonomy":"category","embeddable":true,"href":"https:\/\/agora.xtec.cat\/ceip-serramarina-sta-coloma\/wp-json\/wp\/v2\/categories?post=3411"},{"taxonomy":"post_tag","embeddable":true,"href":"https:\/\/agora.xtec.cat\/ceip-serramarina-sta-coloma\/wp-json\/wp\/v2\/tags?post=3411"}],"curies":[{"name":"wp","href":"https:\/\/api.w.org\/{rel}","templated":true}]}}