{"id":3396,"date":"2019-12-04T13:16:01","date_gmt":"2019-12-04T12:16:01","guid":{"rendered":"http:\/\/agora.xtec.cat\/ceip-serramarina-sta-coloma\/?p=3396"},"modified":"2019-12-04T13:16:01","modified_gmt":"2019-12-04T12:16:01","slug":"els-aros","status":"publish","type":"post","link":"https:\/\/agora.xtec.cat\/ceip-serramarina-sta-coloma\/infantil\/els-aros\/","title":{"rendered":"ELS AROS"},"content":{"rendered":"<p><iframe loading=\"lazy\" title=\"SRR 19-20 PSICO 003\" width=\"500\" height=\"281\" src=\"https:\/\/www.youtube.com\/embed\/lCjDZfglUeM?feature=oembed\" frameborder=\"0\" allow=\"accelerometer; autoplay; clipboard-write; encrypted-media; gyroscope; picture-in-picture; web-share\" referrerpolicy=\"strict-origin-when-cross-origin\" allowfullscreen><\/iframe><\/p>\n<p>ELS AROS<br \/>\nUs presentem algunes de les primeres sessions que vam fer amb els nens\/es de P3. Vam iniciar les sessions al pati, que encara feia bon temps, un espai que ja coneixen b\u00e9 i a on es troben molt a gust. Un espai ampli que ens permet c\u00f3rrer, que d\u00b4aix\u00f2 sempre en tenim moltes ganes, i que a m\u00e9s ens d\u00f3na moltes possibilitats de joc.<br \/>\nEn aquestes primeres sessions al pati, vam presentar alguns materials , en aquest cas, els aros. Vam pensar qu\u00e8 pod\u00edem fer amb els aros \u2026.i aquests art\u00edstes i la seva imaginaci\u00f3 vam fer amb els aros\u2026bicicletes, trens, cotxes, autobusos, camions, avions, helic\u00f2pters, ballarines, bolsos, vestits\u2026ja us dic \u2026s\u00f3n uns art\u00edstes els m\u00e9s petits\/es del Serra!!!<\/p>\n","protected":false},"excerpt":{"rendered":"<p>ELS AROS<br \/>\nUs presentem algunes de les primeres sessions que vam fer amb els nens\/es de P3. Vam iniciar les sessions al pati, que encara feia bon temps, un espai que ja coneixen b\u00e9 i a on es troben molt a gust. Un espai ampli que&hellip;  <a href=\"https:\/\/agora.xtec.cat\/ceip-serramarina-sta-coloma\/infantil\/els-aros\/\" title=\"Read ELS AROS\">Llegeix m\u00e9s\u00bb<\/a><\/p>\n","protected":false},"author":11,"featured_media":3397,"comment_status":"closed","ping_status":"closed","sticky":false,"template":"","format":"standard","meta":{"_bbp_topic_count":0,"_bbp_reply_count":0,"_bbp_total_topic_count":0,"_bbp_total_reply_count":0,"_bbp_voice_count":0,"_bbp_anonymous_reply_count":0,"_bbp_topic_count_hidden":0,"_bbp_reply_count_hidden":0,"_bbp_forum_subforum_count":0,"footnotes":""},"categories":[88,2,45,4,89],"tags":[],"class_list":["post-3396","post","type-post","status-publish","format-standard","has-post-thumbnail","hentry","category-curs-2019-2020","category-infantil","category-especialitats","category-portada","category-psicomotricitat"],"post_mailing_queue_ids":[],"_links":{"self":[{"href":"https:\/\/agora.xtec.cat\/ceip-serramarina-sta-coloma\/wp-json\/wp\/v2\/posts\/3396","targetHints":{"allow":["GET"]}}],"collection":[{"href":"https:\/\/agora.xtec.cat\/ceip-serramarina-sta-coloma\/wp-json\/wp\/v2\/posts"}],"about":[{"href":"https:\/\/agora.xtec.cat\/ceip-serramarina-sta-coloma\/wp-json\/wp\/v2\/types\/post"}],"author":[{"embeddable":true,"href":"https:\/\/agora.xtec.cat\/ceip-serramarina-sta-coloma\/wp-json\/wp\/v2\/users\/11"}],"replies":[{"embeddable":true,"href":"https:\/\/agora.xtec.cat\/ceip-serramarina-sta-coloma\/wp-json\/wp\/v2\/comments?post=3396"}],"version-history":[{"count":1,"href":"https:\/\/agora.xtec.cat\/ceip-serramarina-sta-coloma\/wp-json\/wp\/v2\/posts\/3396\/revisions"}],"predecessor-version":[{"id":3398,"href":"https:\/\/agora.xtec.cat\/ceip-serramarina-sta-coloma\/wp-json\/wp\/v2\/posts\/3396\/revisions\/3398"}],"wp:featuredmedia":[{"embeddable":true,"href":"https:\/\/agora.xtec.cat\/ceip-serramarina-sta-coloma\/wp-json\/wp\/v2\/media\/3397"}],"wp:attachment":[{"href":"https:\/\/agora.xtec.cat\/ceip-serramarina-sta-coloma\/wp-json\/wp\/v2\/media?parent=3396"}],"wp:term":[{"taxonomy":"category","embeddable":true,"href":"https:\/\/agora.xtec.cat\/ceip-serramarina-sta-coloma\/wp-json\/wp\/v2\/categories?post=3396"},{"taxonomy":"post_tag","embeddable":true,"href":"https:\/\/agora.xtec.cat\/ceip-serramarina-sta-coloma\/wp-json\/wp\/v2\/tags?post=3396"}],"curies":[{"name":"wp","href":"https:\/\/api.w.org\/{rel}","templated":true}]}}