{"id":3337,"date":"2019-12-01T21:12:03","date_gmt":"2019-12-01T20:12:03","guid":{"rendered":"http:\/\/agora.xtec.cat\/ceip-serramarina-sta-coloma\/?p=3337"},"modified":"2019-12-01T21:12:03","modified_gmt":"2019-12-01T20:12:03","slug":"els-racons-daprenentatge-a-p4a","status":"publish","type":"post","link":"https:\/\/agora.xtec.cat\/ceip-serramarina-sta-coloma\/general\/els-racons-daprenentatge-a-p4a\/","title":{"rendered":"ELS RACONS D&#8217;APRENENTATGE A P4A"},"content":{"rendered":"<p><iframe loading=\"lazy\" title=\"SRR 19-20 EI 014\" width=\"500\" height=\"281\" src=\"https:\/\/www.youtube.com\/embed\/-o39eZyduDc?feature=oembed\" frameborder=\"0\" allow=\"accelerometer; autoplay; clipboard-write; encrypted-media; gyroscope; picture-in-picture; web-share\" referrerpolicy=\"strict-origin-when-cross-origin\" allowfullscreen><\/iframe><\/p>\n<p>&nbsp;<\/p>\n<p>Els nens i les nenes de P4A fem racons de llengua i de matem\u00e0tiques cada dijous i divendres al mat\u00ed. El treball per racons ens permet dividir el grup i organitzar les aules en diversos espais on es distribueixen els alumnes en petits grups, per realitzar activitats diferents i relacionades amb la llengua i les matem\u00e0tiques de manera aut\u00f3noma i m\u00e9s manipulativa.<br \/>\nTenim 4 racons diferents de matem\u00e0tiques i 4 racons diferents de llengua. Aix\u00ed als racons de  matem\u00e0tiques fem grafisme de n\u00fameros, comptem, treballem les formes geom\u00e8triques i les nocions espacials i temporals: fent puzles, ordenant seq\u00fc\u00e8ncies, s\u00e8ries l\u00f2giques\u2026<br \/>\nAls racons de llengua fem grafisme de lletres, relacionem imatges amb el seu nom, confegim paraules i escrivim: copiem paraules\u2026<br \/>\nHem introduit l\u2019\u00fas de les tablets als racons per aprendre i refor\u00e7ar les nostres habilitats treballant aix\u00ed algunes de les compet\u00e8ncies digitals.<br \/>\nAquesta manera de treballar \u00e9s m\u00e9s creativa i ens agrada molt!<br \/>\n&nbsp;<\/p>\n","protected":false},"excerpt":{"rendered":"<p>&nbsp;<br \/>\nEls nens i les nenes de P4A fem racons de llengua i de matem\u00e0tiques cada dijous i divendres al mat\u00ed. El treball per racons ens permet dividir el grup i organitzar les aules en diversos espais on es distribueixen els alumnes en petits grups, per&hellip;  <a href=\"https:\/\/agora.xtec.cat\/ceip-serramarina-sta-coloma\/general\/els-racons-daprenentatge-a-p4a\/\" title=\"Read ELS RACONS D&#8217;APRENENTATGE A P4A\">Llegeix m\u00e9s\u00bb<\/a><\/p>\n","protected":false},"author":9,"featured_media":3338,"comment_status":"closed","ping_status":"closed","sticky":false,"template":"","format":"standard","meta":{"_bbp_topic_count":0,"_bbp_reply_count":0,"_bbp_total_topic_count":0,"_bbp_total_reply_count":0,"_bbp_voice_count":0,"_bbp_anonymous_reply_count":0,"_bbp_topic_count_hidden":0,"_bbp_reply_count_hidden":0,"_bbp_forum_subforum_count":0,"footnotes":""},"categories":[23,88,2,1,8,4],"tags":[],"class_list":["post-3337","post","type-post","status-publish","format-standard","has-post-thumbnail","hentry","category-a-classe","category-curs-2019-2020","category-infantil","category-general","category-p4","category-portada"],"post_mailing_queue_ids":[],"_links":{"self":[{"href":"https:\/\/agora.xtec.cat\/ceip-serramarina-sta-coloma\/wp-json\/wp\/v2\/posts\/3337","targetHints":{"allow":["GET"]}}],"collection":[{"href":"https:\/\/agora.xtec.cat\/ceip-serramarina-sta-coloma\/wp-json\/wp\/v2\/posts"}],"about":[{"href":"https:\/\/agora.xtec.cat\/ceip-serramarina-sta-coloma\/wp-json\/wp\/v2\/types\/post"}],"author":[{"embeddable":true,"href":"https:\/\/agora.xtec.cat\/ceip-serramarina-sta-coloma\/wp-json\/wp\/v2\/users\/9"}],"replies":[{"embeddable":true,"href":"https:\/\/agora.xtec.cat\/ceip-serramarina-sta-coloma\/wp-json\/wp\/v2\/comments?post=3337"}],"version-history":[{"count":1,"href":"https:\/\/agora.xtec.cat\/ceip-serramarina-sta-coloma\/wp-json\/wp\/v2\/posts\/3337\/revisions"}],"predecessor-version":[{"id":3339,"href":"https:\/\/agora.xtec.cat\/ceip-serramarina-sta-coloma\/wp-json\/wp\/v2\/posts\/3337\/revisions\/3339"}],"wp:featuredmedia":[{"embeddable":true,"href":"https:\/\/agora.xtec.cat\/ceip-serramarina-sta-coloma\/wp-json\/wp\/v2\/media\/3338"}],"wp:attachment":[{"href":"https:\/\/agora.xtec.cat\/ceip-serramarina-sta-coloma\/wp-json\/wp\/v2\/media?parent=3337"}],"wp:term":[{"taxonomy":"category","embeddable":true,"href":"https:\/\/agora.xtec.cat\/ceip-serramarina-sta-coloma\/wp-json\/wp\/v2\/categories?post=3337"},{"taxonomy":"post_tag","embeddable":true,"href":"https:\/\/agora.xtec.cat\/ceip-serramarina-sta-coloma\/wp-json\/wp\/v2\/tags?post=3337"}],"curies":[{"name":"wp","href":"https:\/\/api.w.org\/{rel}","templated":true}]}}