{"id":3298,"date":"2019-11-07T18:21:10","date_gmt":"2019-11-07T17:21:10","guid":{"rendered":"http:\/\/agora.xtec.cat\/ceip-serramarina-sta-coloma\/?p=3298"},"modified":"2019-11-07T18:21:10","modified_gmt":"2019-11-07T17:21:10","slug":"the-date-and-the-weather","status":"publish","type":"post","link":"https:\/\/agora.xtec.cat\/ceip-serramarina-sta-coloma\/portada\/the-date-and-the-weather\/","title":{"rendered":"THE DATE AND THE WEATHER"},"content":{"rendered":"<p><iframe loading=\"lazy\" title=\"SRR 19-20 AN 004\" width=\"500\" height=\"281\" src=\"https:\/\/www.youtube.com\/embed\/bX-1mFjV7q0?feature=oembed\" frameborder=\"0\" allow=\"accelerometer; autoplay; clipboard-write; encrypted-media; gyroscope; picture-in-picture; web-share\" referrerpolicy=\"strict-origin-when-cross-origin\" allowfullscreen><\/iframe><\/p>\n<p>THE DATE AND THE WEATHER WRITERS OF OCTOBER<\/p>\n<p>Els alumnes de 1r han comen\u00e7at aquest mes a escriure el dia de la setmana i el temps que fa cada dia, per tal de treballar no nom\u00e9s la pronunciaci\u00f3, sin\u00f3 tamb\u00e9 l\u2019escriptura i la comprensi\u00f3 lectora. Good work!<\/p>\n","protected":false},"excerpt":{"rendered":"<p>THE DATE AND THE WEATHER WRITERS OF OCTOBER<br \/>\nEls alumnes de 1r han comen\u00e7at aquest mes a escriure el dia de la setmana i el temps que fa cada dia, per tal de treballar no nom\u00e9s la pronunciaci\u00f3, sin\u00f3 tamb\u00e9 l\u2019escriptura i la comprensi\u00f3 lectora. Good&hellip;  <a href=\"https:\/\/agora.xtec.cat\/ceip-serramarina-sta-coloma\/portada\/the-date-and-the-weather\/\" title=\"Read THE DATE AND THE WEATHER\">Llegeix m\u00e9s\u00bb<\/a><\/p>\n","protected":false},"author":11,"featured_media":3299,"comment_status":"closed","ping_status":"closed","sticky":false,"template":"","format":"standard","meta":{"_bbp_topic_count":0,"_bbp_reply_count":0,"_bbp_total_topic_count":0,"_bbp_total_reply_count":0,"_bbp_voice_count":0,"_bbp_anonymous_reply_count":0,"_bbp_topic_count_hidden":0,"_bbp_reply_count_hidden":0,"_bbp_forum_subforum_count":0,"footnotes":""},"categories":[10,46,88,5,45,4],"tags":[],"class_list":["post-3298","post","type-post","status-publish","format-standard","has-post-thumbnail","hentry","category-1r","category-angles","category-curs-2019-2020","category-primaria","category-especialitats","category-portada"],"post_mailing_queue_ids":[],"_links":{"self":[{"href":"https:\/\/agora.xtec.cat\/ceip-serramarina-sta-coloma\/wp-json\/wp\/v2\/posts\/3298","targetHints":{"allow":["GET"]}}],"collection":[{"href":"https:\/\/agora.xtec.cat\/ceip-serramarina-sta-coloma\/wp-json\/wp\/v2\/posts"}],"about":[{"href":"https:\/\/agora.xtec.cat\/ceip-serramarina-sta-coloma\/wp-json\/wp\/v2\/types\/post"}],"author":[{"embeddable":true,"href":"https:\/\/agora.xtec.cat\/ceip-serramarina-sta-coloma\/wp-json\/wp\/v2\/users\/11"}],"replies":[{"embeddable":true,"href":"https:\/\/agora.xtec.cat\/ceip-serramarina-sta-coloma\/wp-json\/wp\/v2\/comments?post=3298"}],"version-history":[{"count":1,"href":"https:\/\/agora.xtec.cat\/ceip-serramarina-sta-coloma\/wp-json\/wp\/v2\/posts\/3298\/revisions"}],"predecessor-version":[{"id":3300,"href":"https:\/\/agora.xtec.cat\/ceip-serramarina-sta-coloma\/wp-json\/wp\/v2\/posts\/3298\/revisions\/3300"}],"wp:featuredmedia":[{"embeddable":true,"href":"https:\/\/agora.xtec.cat\/ceip-serramarina-sta-coloma\/wp-json\/wp\/v2\/media\/3299"}],"wp:attachment":[{"href":"https:\/\/agora.xtec.cat\/ceip-serramarina-sta-coloma\/wp-json\/wp\/v2\/media?parent=3298"}],"wp:term":[{"taxonomy":"category","embeddable":true,"href":"https:\/\/agora.xtec.cat\/ceip-serramarina-sta-coloma\/wp-json\/wp\/v2\/categories?post=3298"},{"taxonomy":"post_tag","embeddable":true,"href":"https:\/\/agora.xtec.cat\/ceip-serramarina-sta-coloma\/wp-json\/wp\/v2\/tags?post=3298"}],"curies":[{"name":"wp","href":"https:\/\/api.w.org\/{rel}","templated":true}]}}