{"id":3250,"date":"2019-11-04T13:07:11","date_gmt":"2019-11-04T12:07:11","guid":{"rendered":"http:\/\/agora.xtec.cat\/ceip-serramarina-sta-coloma\/?p=3250"},"modified":"2019-11-04T13:07:11","modified_gmt":"2019-11-04T12:07:11","slug":"la-tardor-a-p3-a","status":"publish","type":"post","link":"https:\/\/agora.xtec.cat\/ceip-serramarina-sta-coloma\/general\/la-tardor-a-p3-a\/","title":{"rendered":"LA TARDOR A P3 A"},"content":{"rendered":"<p><iframe loading=\"lazy\" title=\"SRR19-20 EI 010\" width=\"500\" height=\"281\" src=\"https:\/\/www.youtube.com\/embed\/QKRnLRbGY3U?feature=oembed\" frameborder=\"0\" allow=\"accelerometer; autoplay; clipboard-write; encrypted-media; gyroscope; picture-in-picture; web-share\" referrerpolicy=\"strict-origin-when-cross-origin\" allowfullscreen><\/iframe><\/p>\n<p>Fam\u00edlies, ha arribat la tardor a la classe de p3 a. Mireu totes les coses que hem fet!<br \/>\nDurant aquest mes d\u2019octubre, hem pogut tocar, veure, observar, olorar, experimentar amb les fulles dels arbres, les castanyes, la carbassa, el moniato, els glans, la magrana&#8230; i hem pogut estampar amb pintura les diverses formes dels aliments, amb els taps de suro, aix\u00ed com pintar les fulles o jugar! Tamb\u00e9 hem iniciat el tra\u00e7 vertical tot simulant com cauen les fulles dels arbres amb la m\u00fasica, per\u00f2 tamb\u00e9 en el paper d\u2019embalar tots junts.<br \/>\nDit aix\u00f2, aqu\u00ed teniu un recull d\u2019imatges d\u2019algunes de les coses que hem fet aquest mes. Gr\u00e0cies fam\u00edlies per participar i portar cosetes de la tardor. Tenim un rac\u00f3 a l\u2019aula molt bonic i divertit! <\/p>\n","protected":false},"excerpt":{"rendered":"<p>Fam\u00edlies, ha arribat la tardor a la classe de p3 a. Mireu totes les coses que hem fet!<br \/>\nDurant aquest mes d\u2019octubre, hem pogut tocar, veure, observar, olorar, experimentar amb les fulles dels arbres, les castanyes, la carbassa, el moniato, els glans, la magrana&#8230; i hem&hellip;  <a href=\"https:\/\/agora.xtec.cat\/ceip-serramarina-sta-coloma\/general\/la-tardor-a-p3-a\/\" title=\"Read LA TARDOR A P3 A\">Llegeix m\u00e9s\u00bb<\/a><\/p>\n","protected":false},"author":9,"featured_media":3251,"comment_status":"closed","ping_status":"closed","sticky":false,"template":"","format":"standard","meta":{"_bbp_topic_count":0,"_bbp_reply_count":0,"_bbp_total_topic_count":0,"_bbp_total_reply_count":0,"_bbp_voice_count":0,"_bbp_anonymous_reply_count":0,"_bbp_topic_count_hidden":0,"_bbp_reply_count_hidden":0,"_bbp_forum_subforum_count":0,"footnotes":""},"categories":[23,88,2,1,3,4],"tags":[],"class_list":["post-3250","post","type-post","status-publish","format-standard","has-post-thumbnail","hentry","category-a-classe","category-curs-2019-2020","category-infantil","category-general","category-p3","category-portada"],"post_mailing_queue_ids":[],"_links":{"self":[{"href":"https:\/\/agora.xtec.cat\/ceip-serramarina-sta-coloma\/wp-json\/wp\/v2\/posts\/3250","targetHints":{"allow":["GET"]}}],"collection":[{"href":"https:\/\/agora.xtec.cat\/ceip-serramarina-sta-coloma\/wp-json\/wp\/v2\/posts"}],"about":[{"href":"https:\/\/agora.xtec.cat\/ceip-serramarina-sta-coloma\/wp-json\/wp\/v2\/types\/post"}],"author":[{"embeddable":true,"href":"https:\/\/agora.xtec.cat\/ceip-serramarina-sta-coloma\/wp-json\/wp\/v2\/users\/9"}],"replies":[{"embeddable":true,"href":"https:\/\/agora.xtec.cat\/ceip-serramarina-sta-coloma\/wp-json\/wp\/v2\/comments?post=3250"}],"version-history":[{"count":1,"href":"https:\/\/agora.xtec.cat\/ceip-serramarina-sta-coloma\/wp-json\/wp\/v2\/posts\/3250\/revisions"}],"predecessor-version":[{"id":3252,"href":"https:\/\/agora.xtec.cat\/ceip-serramarina-sta-coloma\/wp-json\/wp\/v2\/posts\/3250\/revisions\/3252"}],"wp:featuredmedia":[{"embeddable":true,"href":"https:\/\/agora.xtec.cat\/ceip-serramarina-sta-coloma\/wp-json\/wp\/v2\/media\/3251"}],"wp:attachment":[{"href":"https:\/\/agora.xtec.cat\/ceip-serramarina-sta-coloma\/wp-json\/wp\/v2\/media?parent=3250"}],"wp:term":[{"taxonomy":"category","embeddable":true,"href":"https:\/\/agora.xtec.cat\/ceip-serramarina-sta-coloma\/wp-json\/wp\/v2\/categories?post=3250"},{"taxonomy":"post_tag","embeddable":true,"href":"https:\/\/agora.xtec.cat\/ceip-serramarina-sta-coloma\/wp-json\/wp\/v2\/tags?post=3250"}],"curies":[{"name":"wp","href":"https:\/\/api.w.org\/{rel}","templated":true}]}}