{"id":3244,"date":"2019-11-03T16:29:56","date_gmt":"2019-11-03T15:29:56","guid":{"rendered":"http:\/\/agora.xtec.cat\/ceip-serramarina-sta-coloma\/?p=3244"},"modified":"2019-11-04T13:07:45","modified_gmt":"2019-11-04T12:07:45","slug":"srr-19-20-008","status":"publish","type":"post","link":"https:\/\/agora.xtec.cat\/ceip-serramarina-sta-coloma\/general\/srr-19-20-008\/","title":{"rendered":"LES FADES I ELS FOLLETS!"},"content":{"rendered":"<p><iframe loading=\"lazy\" title=\"SRR 19-20 008\" width=\"500\" height=\"281\" src=\"https:\/\/www.youtube.com\/embed\/5qHpFpnV6HE?feature=oembed\" frameborder=\"0\" allow=\"accelerometer; autoplay; clipboard-write; encrypted-media; gyroscope; picture-in-picture; web-share\" referrerpolicy=\"strict-origin-when-cross-origin\" allowfullscreen><\/iframe><\/p>\n<p>Ja ha arribat l\u2019Octubre i amb ell la Tardor!<br \/>\nJa hem triat conte, som la classe de les Fades i els Follets!! Aix\u00ed que hem posat en marxa la nostra creativitat per crear entre tots\/es la casa on viuen les Fades i Follets. Ens ha quedat xul\u00edssima!!!<br \/>\nHem decorat la porta de la classe amb la casa, fulles de la tardor i les nostres Fades i Follets preferits.<br \/>\nCada Divendres ens desdoblem i anem a la Biblioteca a mirar i compartir contes, i a l\u2019Aula de l\u2019Espai i ens ho passem pipa jugant a ser astronautes i arquitectes.<br \/>\nTamb\u00e9 hem comen\u00e7at a descobrir els cinc ambients: l\u2019Art\u00edstic, el de llum i foscor, el d\u2019expressi\u00f3 corporal, el d\u2019arquitectura i el de Natura. A la nostra classe fem l\u2019Ambient de la Natura i estem descobrint moltes coses i estem gaudint molt amb la sorra, la terra, les lupes, els contes, les fulles i les plantes mentre escoltem els sons de la natura.<br \/>\nEns ho passem d\u2019all\u00f2 m\u00e9s b\u00e9 compartint, creant, jugant i aprenent amb els altres nens i nenes de P4 i P5.<\/p>\n","protected":false},"excerpt":{"rendered":"<p>Ja ha arribat l\u2019Octubre i amb ell la Tardor!<br \/>\nJa hem triat conte, som la classe de les Fades i els Follets!! Aix\u00ed que hem posat en marxa la nostra creativitat per crear entre tots\/es la casa on viuen les Fades i Follets. Ens ha quedat&hellip;  <a href=\"https:\/\/agora.xtec.cat\/ceip-serramarina-sta-coloma\/general\/srr-19-20-008\/\" title=\"Read LES FADES I ELS FOLLETS!\">Llegeix m\u00e9s\u00bb<\/a><\/p>\n","protected":false},"author":9,"featured_media":3245,"comment_status":"closed","ping_status":"closed","sticky":false,"template":"","format":"standard","meta":{"_bbp_topic_count":0,"_bbp_reply_count":0,"_bbp_total_topic_count":0,"_bbp_total_reply_count":0,"_bbp_voice_count":0,"_bbp_anonymous_reply_count":0,"_bbp_topic_count_hidden":0,"_bbp_reply_count_hidden":0,"_bbp_forum_subforum_count":0,"footnotes":""},"categories":[23,88,2,1,8,4],"tags":[],"class_list":["post-3244","post","type-post","status-publish","format-standard","has-post-thumbnail","hentry","category-a-classe","category-curs-2019-2020","category-infantil","category-general","category-p4","category-portada"],"post_mailing_queue_ids":[],"_links":{"self":[{"href":"https:\/\/agora.xtec.cat\/ceip-serramarina-sta-coloma\/wp-json\/wp\/v2\/posts\/3244","targetHints":{"allow":["GET"]}}],"collection":[{"href":"https:\/\/agora.xtec.cat\/ceip-serramarina-sta-coloma\/wp-json\/wp\/v2\/posts"}],"about":[{"href":"https:\/\/agora.xtec.cat\/ceip-serramarina-sta-coloma\/wp-json\/wp\/v2\/types\/post"}],"author":[{"embeddable":true,"href":"https:\/\/agora.xtec.cat\/ceip-serramarina-sta-coloma\/wp-json\/wp\/v2\/users\/9"}],"replies":[{"embeddable":true,"href":"https:\/\/agora.xtec.cat\/ceip-serramarina-sta-coloma\/wp-json\/wp\/v2\/comments?post=3244"}],"version-history":[{"count":2,"href":"https:\/\/agora.xtec.cat\/ceip-serramarina-sta-coloma\/wp-json\/wp\/v2\/posts\/3244\/revisions"}],"predecessor-version":[{"id":3249,"href":"https:\/\/agora.xtec.cat\/ceip-serramarina-sta-coloma\/wp-json\/wp\/v2\/posts\/3244\/revisions\/3249"}],"wp:featuredmedia":[{"embeddable":true,"href":"https:\/\/agora.xtec.cat\/ceip-serramarina-sta-coloma\/wp-json\/wp\/v2\/media\/3245"}],"wp:attachment":[{"href":"https:\/\/agora.xtec.cat\/ceip-serramarina-sta-coloma\/wp-json\/wp\/v2\/media?parent=3244"}],"wp:term":[{"taxonomy":"category","embeddable":true,"href":"https:\/\/agora.xtec.cat\/ceip-serramarina-sta-coloma\/wp-json\/wp\/v2\/categories?post=3244"},{"taxonomy":"post_tag","embeddable":true,"href":"https:\/\/agora.xtec.cat\/ceip-serramarina-sta-coloma\/wp-json\/wp\/v2\/tags?post=3244"}],"curies":[{"name":"wp","href":"https:\/\/api.w.org\/{rel}","templated":true}]}}