{"id":3225,"date":"2019-10-28T21:46:54","date_gmt":"2019-10-28T20:46:54","guid":{"rendered":"http:\/\/agora.xtec.cat\/ceip-serramarina-sta-coloma\/?p=3225"},"modified":"2019-10-30T23:03:21","modified_gmt":"2019-10-30T22:03:21","slug":"el-rap-del-reciclatge","status":"publish","type":"post","link":"https:\/\/agora.xtec.cat\/ceip-serramarina-sta-coloma\/portada\/el-rap-del-reciclatge\/","title":{"rendered":"EL RAP DEL RECICLATGE"},"content":{"rendered":"<p><iframe loading=\"lazy\" title=\"SRR 19-20 CI 006\" width=\"500\" height=\"281\" src=\"https:\/\/www.youtube.com\/embed\/oVTIMzF_kSI?feature=oembed\" frameborder=\"0\" allow=\"accelerometer; autoplay; clipboard-write; encrypted-media; gyroscope; picture-in-picture; web-share\" referrerpolicy=\"strict-origin-when-cross-origin\" allowfullscreen><\/iframe><\/p>\n<p>A la classe de 1r. A continuem lluitant per a rescatar el mar i una de les solucions que proposem \u00e9s fer reciclatge! Per aquest motiu hem treballat aquesta can\u00e7\u00f3 per a informar a la gent de la import\u00e0ncia d\u2019aquest fet!<br \/>\nSalvem, salvem, salvem el m\u00f3n!<\/p>\n","protected":false},"excerpt":{"rendered":"<p>A la classe de 1r. A continuem lluitant per a rescatar el mar i una de les solucions que proposem \u00e9s fer reciclatge! Per aquest motiu hem treballat aquesta can\u00e7\u00f3 per a informar a la gent de la import\u00e0ncia d\u2019aquest fet!<br \/>\nSalvem, salvem, salvem el m\u00f3n!<\/p>\n","protected":false},"author":12,"featured_media":3227,"comment_status":"closed","ping_status":"closed","sticky":false,"template":"","format":"standard","meta":{"_bbp_topic_count":0,"_bbp_reply_count":0,"_bbp_total_topic_count":0,"_bbp_total_reply_count":0,"_bbp_voice_count":0,"_bbp_anonymous_reply_count":0,"_bbp_topic_count_hidden":0,"_bbp_reply_count_hidden":0,"_bbp_forum_subforum_count":0,"footnotes":""},"categories":[10,23,88,5,4],"tags":[],"class_list":["post-3225","post","type-post","status-publish","format-standard","has-post-thumbnail","hentry","category-1r","category-a-classe","category-curs-2019-2020","category-primaria","category-portada"],"post_mailing_queue_ids":[],"_links":{"self":[{"href":"https:\/\/agora.xtec.cat\/ceip-serramarina-sta-coloma\/wp-json\/wp\/v2\/posts\/3225","targetHints":{"allow":["GET"]}}],"collection":[{"href":"https:\/\/agora.xtec.cat\/ceip-serramarina-sta-coloma\/wp-json\/wp\/v2\/posts"}],"about":[{"href":"https:\/\/agora.xtec.cat\/ceip-serramarina-sta-coloma\/wp-json\/wp\/v2\/types\/post"}],"author":[{"embeddable":true,"href":"https:\/\/agora.xtec.cat\/ceip-serramarina-sta-coloma\/wp-json\/wp\/v2\/users\/12"}],"replies":[{"embeddable":true,"href":"https:\/\/agora.xtec.cat\/ceip-serramarina-sta-coloma\/wp-json\/wp\/v2\/comments?post=3225"}],"version-history":[{"count":1,"href":"https:\/\/agora.xtec.cat\/ceip-serramarina-sta-coloma\/wp-json\/wp\/v2\/posts\/3225\/revisions"}],"predecessor-version":[{"id":3226,"href":"https:\/\/agora.xtec.cat\/ceip-serramarina-sta-coloma\/wp-json\/wp\/v2\/posts\/3225\/revisions\/3226"}],"wp:featuredmedia":[{"embeddable":true,"href":"https:\/\/agora.xtec.cat\/ceip-serramarina-sta-coloma\/wp-json\/wp\/v2\/media\/3227"}],"wp:attachment":[{"href":"https:\/\/agora.xtec.cat\/ceip-serramarina-sta-coloma\/wp-json\/wp\/v2\/media?parent=3225"}],"wp:term":[{"taxonomy":"category","embeddable":true,"href":"https:\/\/agora.xtec.cat\/ceip-serramarina-sta-coloma\/wp-json\/wp\/v2\/categories?post=3225"},{"taxonomy":"post_tag","embeddable":true,"href":"https:\/\/agora.xtec.cat\/ceip-serramarina-sta-coloma\/wp-json\/wp\/v2\/tags?post=3225"}],"curies":[{"name":"wp","href":"https:\/\/api.w.org\/{rel}","templated":true}]}}