{"id":3192,"date":"2019-10-07T16:00:32","date_gmt":"2019-10-07T14:00:32","guid":{"rendered":"http:\/\/agora.xtec.cat\/ceip-serramarina-sta-coloma\/?p=3192"},"modified":"2019-10-08T13:17:31","modified_gmt":"2019-10-08T11:17:31","slug":"sign-to-learn","status":"publish","type":"post","link":"https:\/\/agora.xtec.cat\/ceip-serramarina-sta-coloma\/portada\/sign-to-learn\/","title":{"rendered":"SING TO LEARN"},"content":{"rendered":"<p><iframe loading=\"lazy\" title=\"SRR 19-20 AN 002\" width=\"500\" height=\"281\" src=\"https:\/\/www.youtube.com\/embed\/66drAjGXVrk?feature=oembed\" frameborder=\"0\" allow=\"accelerometer; autoplay; clipboard-write; encrypted-media; gyroscope; picture-in-picture; web-share\" referrerpolicy=\"strict-origin-when-cross-origin\" allowfullscreen><\/iframe><\/p>\n<p><iframe loading=\"lazy\" title=\"SRR 19-20 AN 003\" width=\"500\" height=\"281\" src=\"https:\/\/www.youtube.com\/embed\/VULapOzJfok?feature=oembed\" frameborder=\"0\" allow=\"accelerometer; autoplay; clipboard-write; encrypted-media; gyroscope; picture-in-picture; web-share\" referrerpolicy=\"strict-origin-when-cross-origin\" allowfullscreen><\/iframe><\/p>\n<p>SING TO LEARN!<\/p>\n<p>Cantar \u00e9s sin\u00f2nim de passar-s\u2019ho b\u00e9 i aprendre i quina millor forma d\u2019aprendre i gaudir que cantar una can\u00e7\u00f3 per aprendre nou vocabulari de les parts del cos? Mireu que b\u00e9 s\u2019ho van passar els dos primers!<\/p>\n","protected":false},"excerpt":{"rendered":"<p>SING TO LEARN!<br \/>\nCantar \u00e9s sin\u00f2nim de passar-s\u2019ho b\u00e9 i aprendre i quina millor forma d\u2019aprendre i gaudir que cantar una can\u00e7\u00f3 per aprendre nou vocabulari de les parts del cos? Mireu que b\u00e9 s\u2019ho van passar els dos primers!<\/p>\n","protected":false},"author":11,"featured_media":3193,"comment_status":"closed","ping_status":"closed","sticky":false,"template":"","format":"standard","meta":{"_bbp_topic_count":0,"_bbp_reply_count":0,"_bbp_total_topic_count":0,"_bbp_total_reply_count":0,"_bbp_voice_count":0,"_bbp_anonymous_reply_count":0,"_bbp_topic_count_hidden":0,"_bbp_reply_count_hidden":0,"_bbp_forum_subforum_count":0,"footnotes":""},"categories":[10,46,88,5,45,4],"tags":[],"class_list":["post-3192","post","type-post","status-publish","format-standard","has-post-thumbnail","hentry","category-1r","category-angles","category-curs-2019-2020","category-primaria","category-especialitats","category-portada"],"post_mailing_queue_ids":[],"_links":{"self":[{"href":"https:\/\/agora.xtec.cat\/ceip-serramarina-sta-coloma\/wp-json\/wp\/v2\/posts\/3192","targetHints":{"allow":["GET"]}}],"collection":[{"href":"https:\/\/agora.xtec.cat\/ceip-serramarina-sta-coloma\/wp-json\/wp\/v2\/posts"}],"about":[{"href":"https:\/\/agora.xtec.cat\/ceip-serramarina-sta-coloma\/wp-json\/wp\/v2\/types\/post"}],"author":[{"embeddable":true,"href":"https:\/\/agora.xtec.cat\/ceip-serramarina-sta-coloma\/wp-json\/wp\/v2\/users\/11"}],"replies":[{"embeddable":true,"href":"https:\/\/agora.xtec.cat\/ceip-serramarina-sta-coloma\/wp-json\/wp\/v2\/comments?post=3192"}],"version-history":[{"count":2,"href":"https:\/\/agora.xtec.cat\/ceip-serramarina-sta-coloma\/wp-json\/wp\/v2\/posts\/3192\/revisions"}],"predecessor-version":[{"id":3198,"href":"https:\/\/agora.xtec.cat\/ceip-serramarina-sta-coloma\/wp-json\/wp\/v2\/posts\/3192\/revisions\/3198"}],"wp:featuredmedia":[{"embeddable":true,"href":"https:\/\/agora.xtec.cat\/ceip-serramarina-sta-coloma\/wp-json\/wp\/v2\/media\/3193"}],"wp:attachment":[{"href":"https:\/\/agora.xtec.cat\/ceip-serramarina-sta-coloma\/wp-json\/wp\/v2\/media?parent=3192"}],"wp:term":[{"taxonomy":"category","embeddable":true,"href":"https:\/\/agora.xtec.cat\/ceip-serramarina-sta-coloma\/wp-json\/wp\/v2\/categories?post=3192"},{"taxonomy":"post_tag","embeddable":true,"href":"https:\/\/agora.xtec.cat\/ceip-serramarina-sta-coloma\/wp-json\/wp\/v2\/tags?post=3192"}],"curies":[{"name":"wp","href":"https:\/\/api.w.org\/{rel}","templated":true}]}}