{"id":3123,"date":"2019-09-29T12:01:27","date_gmt":"2019-09-29T10:01:27","guid":{"rendered":"http:\/\/agora.xtec.cat\/ceip-serramarina-sta-coloma\/?p=3123"},"modified":"2019-09-29T12:01:27","modified_gmt":"2019-09-29T10:01:27","slug":"els-nens-i-nenes-de-p3-b-hem-comencat-lescola","status":"publish","type":"post","link":"https:\/\/agora.xtec.cat\/ceip-serramarina-sta-coloma\/general\/els-nens-i-nenes-de-p3-b-hem-comencat-lescola\/","title":{"rendered":"ELS NENS I NENES DE P3 B HEM COMEN\u00c7AT L&#8217;ESCOLA"},"content":{"rendered":"<p><iframe loading=\"lazy\" title=\"SRR 19-20 EI 004\" width=\"500\" height=\"281\" src=\"https:\/\/www.youtube.com\/embed\/ghaR91LpmmY?feature=oembed\" frameborder=\"0\" allow=\"accelerometer; autoplay; clipboard-write; encrypted-media; gyroscope; picture-in-picture; web-share\" referrerpolicy=\"strict-origin-when-cross-origin\" allowfullscreen><\/iframe><\/p>\n<p>Els nens i nens de p3 ja hem comen\u00e7at l\u2019escola. Durant aquest primer mes hem conegut moltes coses noves. Els nous companys i les noves companyes, la nostra classe, els nous calaixets on guardem les nostres bosses i tenen la nostra foto! Sortim molt guapos i guapes! Les mestres que ens acompanyaran duran tot el curs, la terrassa i el pati que \u00e9s molt gran! Son moltes coses noves per\u00f2 a poc a poc ens estem acostumant.<br \/>\nEns estem fent grans i comencen a tenir petites responsabilitats com els nens i nenes de l\u2019escola i passem la llista amb els cartells dels noms perqu\u00e8 ens coneguem millor, mirem el temps i recollim les joguines quan hem acabat de jugar.<br \/>\nI ja hem comen\u00e7at amb els contes! A la classe tenim un rac\u00f3 amb un parell de contes d\u2019en Patufet on ets? A la panxa del bou que ni neva ni plou! I tamb\u00e9 tenim les titelles!. Cada vegada a la taula hi ha m\u00e9s contes dels nens i les nens de la classe que s\u2019animen a portar el que m\u00e9s els agrada. \u00c9s molt divertit! Perqu\u00e8 l\u2019escoltem, tenim el llibre per mirar les imatges, les titelles per representar el conte i la pissarra digital per veure\u2019l m\u00e9s gran. Encara no sabem quin conte \u00e9s el que m\u00e9s ens agrada! Ens queden molts per veure\u2019ls!<br \/>\nUs deixem amb un recull de fotografies de les primeres setmanes del curs.<\/p>\n","protected":false},"excerpt":{"rendered":"<p>Els nens i nens de p3 ja hem comen\u00e7at l\u2019escola. Durant aquest primer mes hem conegut moltes coses noves. Els nous companys i les noves companyes, la nostra classe, els nous calaixets on guardem les nostres bosses i tenen la nostra foto! Sortim molt guapos&hellip;  <a href=\"https:\/\/agora.xtec.cat\/ceip-serramarina-sta-coloma\/general\/els-nens-i-nenes-de-p3-b-hem-comencat-lescola\/\" title=\"Read ELS NENS I NENES DE P3 B HEM COMEN\u00c7AT L&#8217;ESCOLA\">Llegeix m\u00e9s\u00bb<\/a><\/p>\n","protected":false},"author":9,"featured_media":3124,"comment_status":"closed","ping_status":"closed","sticky":false,"template":"","format":"standard","meta":{"_bbp_topic_count":0,"_bbp_reply_count":0,"_bbp_total_topic_count":0,"_bbp_total_reply_count":0,"_bbp_voice_count":0,"_bbp_anonymous_reply_count":0,"_bbp_topic_count_hidden":0,"_bbp_reply_count_hidden":0,"_bbp_forum_subforum_count":0,"footnotes":""},"categories":[23,2,1,3,4],"tags":[],"class_list":["post-3123","post","type-post","status-publish","format-standard","has-post-thumbnail","hentry","category-a-classe","category-infantil","category-general","category-p3","category-portada"],"post_mailing_queue_ids":[],"_links":{"self":[{"href":"https:\/\/agora.xtec.cat\/ceip-serramarina-sta-coloma\/wp-json\/wp\/v2\/posts\/3123","targetHints":{"allow":["GET"]}}],"collection":[{"href":"https:\/\/agora.xtec.cat\/ceip-serramarina-sta-coloma\/wp-json\/wp\/v2\/posts"}],"about":[{"href":"https:\/\/agora.xtec.cat\/ceip-serramarina-sta-coloma\/wp-json\/wp\/v2\/types\/post"}],"author":[{"embeddable":true,"href":"https:\/\/agora.xtec.cat\/ceip-serramarina-sta-coloma\/wp-json\/wp\/v2\/users\/9"}],"replies":[{"embeddable":true,"href":"https:\/\/agora.xtec.cat\/ceip-serramarina-sta-coloma\/wp-json\/wp\/v2\/comments?post=3123"}],"version-history":[{"count":1,"href":"https:\/\/agora.xtec.cat\/ceip-serramarina-sta-coloma\/wp-json\/wp\/v2\/posts\/3123\/revisions"}],"predecessor-version":[{"id":3125,"href":"https:\/\/agora.xtec.cat\/ceip-serramarina-sta-coloma\/wp-json\/wp\/v2\/posts\/3123\/revisions\/3125"}],"wp:featuredmedia":[{"embeddable":true,"href":"https:\/\/agora.xtec.cat\/ceip-serramarina-sta-coloma\/wp-json\/wp\/v2\/media\/3124"}],"wp:attachment":[{"href":"https:\/\/agora.xtec.cat\/ceip-serramarina-sta-coloma\/wp-json\/wp\/v2\/media?parent=3123"}],"wp:term":[{"taxonomy":"category","embeddable":true,"href":"https:\/\/agora.xtec.cat\/ceip-serramarina-sta-coloma\/wp-json\/wp\/v2\/categories?post=3123"},{"taxonomy":"post_tag","embeddable":true,"href":"https:\/\/agora.xtec.cat\/ceip-serramarina-sta-coloma\/wp-json\/wp\/v2\/tags?post=3123"}],"curies":[{"name":"wp","href":"https:\/\/api.w.org\/{rel}","templated":true}]}}