{"id":2982,"date":"2019-06-03T08:54:49","date_gmt":"2019-06-03T06:54:49","guid":{"rendered":"http:\/\/agora.xtec.cat\/ceip-serramarina-sta-coloma\/?p=2982"},"modified":"2019-06-03T08:54:49","modified_gmt":"2019-06-03T06:54:49","slug":"2nb-anem-als-mossos-desquadra","status":"publish","type":"post","link":"https:\/\/agora.xtec.cat\/ceip-serramarina-sta-coloma\/portada\/2nb-anem-als-mossos-desquadra\/","title":{"rendered":"2nB ANEM ALS MOSSOS D&#8217;ESQUADRA"},"content":{"rendered":"<p><strong>2nB ANEM ALS MOSSOS D&#8217;ESQUADRA<\/strong><\/p>\n<p>El passat dia 15 de maig vam anar a visitar la comissaria dels Mossos d&#8217;Esquadra.<\/p>\n<p>Ens va fer molta il\u00b7lusi\u00f3 descobrir quina \u00e9s la seva feina, com \u00e9s el seu uniforme&#8230;<\/p>\n<p>Fins i tot vam poder pujar a un cotxe dels mossos! Tots vam poder parlar pels altaveus i fer sonar la sirena. Va ser una sortida d&#8217;all\u00f2 m\u00e9s divertida!<\/p>\n<p><iframe loading=\"lazy\" title=\"SRR 18-19 CI 034\" width=\"500\" height=\"375\" src=\"https:\/\/www.youtube.com\/embed\/W5wely84TAE?feature=oembed\" frameborder=\"0\" allow=\"accelerometer; autoplay; clipboard-write; encrypted-media; gyroscope; picture-in-picture; web-share\" referrerpolicy=\"strict-origin-when-cross-origin\" allowfullscreen><\/iframe><\/p>\n","protected":false},"excerpt":{"rendered":"<p>2nB ANEM ALS MOSSOS D&#8217;ESQUADRA<br \/>\nEl passat dia 15 de maig vam anar a visitar la comissaria dels Mossos d&#8217;Esquadra.<br \/>\nEns va fer molta il\u00b7lusi\u00f3 descobrir quina \u00e9s la seva feina, com \u00e9s el seu uniforme&#8230;<br \/>\nFins i tot vam poder pujar a un cotxe dels mossos! Tots&hellip;  <a href=\"https:\/\/agora.xtec.cat\/ceip-serramarina-sta-coloma\/portada\/2nb-anem-als-mossos-desquadra\/\" title=\"Read 2nB ANEM ALS MOSSOS D&#8217;ESQUADRA\">Llegeix m\u00e9s\u00bb<\/a><\/p>\n","protected":false},"author":12,"featured_media":0,"comment_status":"closed","ping_status":"closed","sticky":false,"template":"","format":"standard","meta":{"_bbp_topic_count":0,"_bbp_reply_count":0,"_bbp_total_topic_count":0,"_bbp_total_reply_count":0,"_bbp_voice_count":0,"_bbp_anonymous_reply_count":0,"_bbp_topic_count_hidden":0,"_bbp_reply_count_hidden":0,"_bbp_forum_subforum_count":0,"footnotes":""},"categories":[11,23,85,5,4,21],"tags":[],"class_list":["post-2982","post","type-post","status-publish","format-standard","hentry","category-2n","category-a-classe","category-curs-2018-2019","category-primaria","category-portada","category-sortides"],"post_mailing_queue_ids":[],"_links":{"self":[{"href":"https:\/\/agora.xtec.cat\/ceip-serramarina-sta-coloma\/wp-json\/wp\/v2\/posts\/2982","targetHints":{"allow":["GET"]}}],"collection":[{"href":"https:\/\/agora.xtec.cat\/ceip-serramarina-sta-coloma\/wp-json\/wp\/v2\/posts"}],"about":[{"href":"https:\/\/agora.xtec.cat\/ceip-serramarina-sta-coloma\/wp-json\/wp\/v2\/types\/post"}],"author":[{"embeddable":true,"href":"https:\/\/agora.xtec.cat\/ceip-serramarina-sta-coloma\/wp-json\/wp\/v2\/users\/12"}],"replies":[{"embeddable":true,"href":"https:\/\/agora.xtec.cat\/ceip-serramarina-sta-coloma\/wp-json\/wp\/v2\/comments?post=2982"}],"version-history":[{"count":1,"href":"https:\/\/agora.xtec.cat\/ceip-serramarina-sta-coloma\/wp-json\/wp\/v2\/posts\/2982\/revisions"}],"predecessor-version":[{"id":2983,"href":"https:\/\/agora.xtec.cat\/ceip-serramarina-sta-coloma\/wp-json\/wp\/v2\/posts\/2982\/revisions\/2983"}],"wp:attachment":[{"href":"https:\/\/agora.xtec.cat\/ceip-serramarina-sta-coloma\/wp-json\/wp\/v2\/media?parent=2982"}],"wp:term":[{"taxonomy":"category","embeddable":true,"href":"https:\/\/agora.xtec.cat\/ceip-serramarina-sta-coloma\/wp-json\/wp\/v2\/categories?post=2982"},{"taxonomy":"post_tag","embeddable":true,"href":"https:\/\/agora.xtec.cat\/ceip-serramarina-sta-coloma\/wp-json\/wp\/v2\/tags?post=2982"}],"curies":[{"name":"wp","href":"https:\/\/api.w.org\/{rel}","templated":true}]}}