{"id":2913,"date":"2019-05-24T18:42:44","date_gmt":"2019-05-24T16:42:44","guid":{"rendered":"http:\/\/agora.xtec.cat\/ceip-serramarina-sta-coloma\/?p=2913"},"modified":"2019-05-24T22:13:03","modified_gmt":"2019-05-24T20:13:03","slug":"el-mon-dels-contes-a-p3b","status":"publish","type":"post","link":"https:\/\/agora.xtec.cat\/ceip-serramarina-sta-coloma\/infantil\/el-mon-dels-contes-a-p3b\/","title":{"rendered":"EL M\u00d3N DELS CONTES A P3B"},"content":{"rendered":"<p><iframe loading=\"lazy\" title=\"SRR18-19 EI 084\" width=\"500\" height=\"281\" src=\"https:\/\/www.youtube.com\/embed\/rqG5sWJypa0?feature=oembed\" frameborder=\"0\" allow=\"accelerometer; autoplay; clipboard-write; encrypted-media; gyroscope; picture-in-picture; web-share\" referrerpolicy=\"strict-origin-when-cross-origin\" allowfullscreen><\/iframe><\/p>\n<p>Els alumnes de P3 B treballem el contacte amb el m\u00f3n dels contes di\u00e0riament. Cada dia realitzem estades de contacte amb els contes a la biblioteca de la classe i, un cop a la setmana, a la biblioteca de l\u2019escola. Endem\u00e9s treballem les propostes de la Maleta viatgera, l\u2019hora del conte i les Recomanacions de les fam\u00edlies o la tutora de l\u2019aula.<br \/>\n\u201cEl m\u00f3n dels contes ens permet viatjar, somiar, imaginar i compartir coneixements i aventures\u201d.<br \/>\nMaleta viatgera: La nostra maleta amb diferents contes ens permet comunicar als companys i a les fam\u00edlies que em llegit i que ens ha agradat de les diverses hist\u00f2ries proposades. Compartim coneixements, motius i verbalitzem viv\u00e8ncies amb l\u2019ajuda de la nostre mascota.<br \/>\nRecomanacions: Setmanalment un nen escollit porta el seu llibre preferit a l\u2019escola per explicar als companys el que m\u00e9s i menys li agrada del conte i una mica de contingut del llibre.<br \/>\nBiblioteca de l\u2019escola: A la biblioteca de l\u2019escola aprenem les normes per fer una lectura de contes \u201c aprenem les normes de la biblioteca \u201c, la cura que hem de tenir amb els llibres, aprenem a compartir els contes i la neteja i l\u2019ordre.<br \/>\nBiblioteca d\u2019aula: A la biblioteca d\u2019aula aprenem a tractar b\u00e9 els contes i di\u00e0riament ens posem en contacte amb el m\u00f3n dels llibres.<\/p>\n","protected":false},"excerpt":{"rendered":"<p>Els alumnes de P3 B treballem el contacte amb el m\u00f3n dels contes di\u00e0riament. Cada dia realitzem estades de contacte amb els contes a la biblioteca de la classe i, un cop a la setmana, a la biblioteca de l\u2019escola. Endem\u00e9s treballem les propostes de&hellip;  <a href=\"https:\/\/agora.xtec.cat\/ceip-serramarina-sta-coloma\/infantil\/el-mon-dels-contes-a-p3b\/\" title=\"Read EL M\u00d3N DELS CONTES A P3B\">Llegeix m\u00e9s\u00bb<\/a><\/p>\n","protected":false},"author":9,"featured_media":2914,"comment_status":"closed","ping_status":"closed","sticky":false,"template":"","format":"standard","meta":{"_bbp_topic_count":0,"_bbp_reply_count":0,"_bbp_total_topic_count":0,"_bbp_total_reply_count":0,"_bbp_voice_count":0,"_bbp_anonymous_reply_count":0,"_bbp_topic_count_hidden":0,"_bbp_reply_count_hidden":0,"_bbp_forum_subforum_count":0,"footnotes":""},"categories":[23,85,2,3,4],"tags":[],"class_list":["post-2913","post","type-post","status-publish","format-standard","has-post-thumbnail","hentry","category-a-classe","category-curs-2018-2019","category-infantil","category-p3","category-portada"],"post_mailing_queue_ids":[],"_links":{"self":[{"href":"https:\/\/agora.xtec.cat\/ceip-serramarina-sta-coloma\/wp-json\/wp\/v2\/posts\/2913","targetHints":{"allow":["GET"]}}],"collection":[{"href":"https:\/\/agora.xtec.cat\/ceip-serramarina-sta-coloma\/wp-json\/wp\/v2\/posts"}],"about":[{"href":"https:\/\/agora.xtec.cat\/ceip-serramarina-sta-coloma\/wp-json\/wp\/v2\/types\/post"}],"author":[{"embeddable":true,"href":"https:\/\/agora.xtec.cat\/ceip-serramarina-sta-coloma\/wp-json\/wp\/v2\/users\/9"}],"replies":[{"embeddable":true,"href":"https:\/\/agora.xtec.cat\/ceip-serramarina-sta-coloma\/wp-json\/wp\/v2\/comments?post=2913"}],"version-history":[{"count":1,"href":"https:\/\/agora.xtec.cat\/ceip-serramarina-sta-coloma\/wp-json\/wp\/v2\/posts\/2913\/revisions"}],"predecessor-version":[{"id":2915,"href":"https:\/\/agora.xtec.cat\/ceip-serramarina-sta-coloma\/wp-json\/wp\/v2\/posts\/2913\/revisions\/2915"}],"wp:featuredmedia":[{"embeddable":true,"href":"https:\/\/agora.xtec.cat\/ceip-serramarina-sta-coloma\/wp-json\/wp\/v2\/media\/2914"}],"wp:attachment":[{"href":"https:\/\/agora.xtec.cat\/ceip-serramarina-sta-coloma\/wp-json\/wp\/v2\/media?parent=2913"}],"wp:term":[{"taxonomy":"category","embeddable":true,"href":"https:\/\/agora.xtec.cat\/ceip-serramarina-sta-coloma\/wp-json\/wp\/v2\/categories?post=2913"},{"taxonomy":"post_tag","embeddable":true,"href":"https:\/\/agora.xtec.cat\/ceip-serramarina-sta-coloma\/wp-json\/wp\/v2\/tags?post=2913"}],"curies":[{"name":"wp","href":"https:\/\/api.w.org\/{rel}","templated":true}]}}