{"id":2877,"date":"2019-05-17T10:01:18","date_gmt":"2019-05-17T08:01:18","guid":{"rendered":"http:\/\/agora.xtec.cat\/ceip-serramarina-sta-coloma\/?p=2877"},"modified":"2019-05-17T10:01:18","modified_gmt":"2019-05-17T08:01:18","slug":"experimentem-la-capacitat-de-diferents-recipients","status":"publish","type":"post","link":"https:\/\/agora.xtec.cat\/ceip-serramarina-sta-coloma\/general\/experimentem-la-capacitat-de-diferents-recipients\/","title":{"rendered":"EXPERIMENTEM LA CAPACITAT DE DIFERENTS RECIPIENTS"},"content":{"rendered":"<p><strong>EXPERIMENTEM LA CAPACITAT AMB DIFERENTS RECIPIENTS 1RA<\/strong><\/p>\n<p>Els nens i nenes de 1rA hem realitzat un experiment a l&#8217;aula per tal d&#8217;entendre el concepte de &#8220;capacitat&#8221;. Hem portat envasos de casa de diferents capacitats i hem mesurat amb aigua la capacitat d&#8217;aquests. Tamb\u00e9 hem fet comparacions entre recipients i hem ent\u00e9s, de forma visual, el concepte de litre.<\/p>\n<p>Tamb\u00e9 hem aprofitat l&#8217;activitat per parlar de la sostenibilitat; de reciclar i reduir l&#8217;\u00fas d&#8217;envasos i d&#8217;aprofitar l&#8217;aigua i evitar-ne el malbaratament. Aix\u00ed que en finalitzar l&#8217;activitat hem anat a regar les plantes de l&#8217;hort dels petits amb l&#8217;aigua que hav\u00edem utilitzat en l&#8217;experiment.<\/p>\n<p>&nbsp;<\/p>\n<p><iframe loading=\"lazy\" title=\"SRR 18-19 CI 031\" width=\"500\" height=\"281\" src=\"https:\/\/www.youtube.com\/embed\/rk4r3O9k8VQ?feature=oembed\" frameborder=\"0\" allow=\"accelerometer; autoplay; clipboard-write; encrypted-media; gyroscope; picture-in-picture; web-share\" referrerpolicy=\"strict-origin-when-cross-origin\" allowfullscreen><\/iframe><\/p>\n","protected":false},"excerpt":{"rendered":"<p>EXPERIMENTEM LA CAPACITAT AMB DIFERENTS RECIPIENTS 1RA<br \/>\nEls nens i nenes de 1rA hem realitzat un experiment a l&#8217;aula per tal d&#8217;entendre el concepte de &#8220;capacitat&#8221;. Hem portat envasos de casa de diferents capacitats i hem mesurat amb aigua la capacitat d&#8217;aquests. Tamb\u00e9 hem fet comparacions&hellip;  <a href=\"https:\/\/agora.xtec.cat\/ceip-serramarina-sta-coloma\/general\/experimentem-la-capacitat-de-diferents-recipients\/\" title=\"Read EXPERIMENTEM LA CAPACITAT DE DIFERENTS RECIPIENTS\">Llegeix m\u00e9s\u00bb<\/a><\/p>\n","protected":false},"author":12,"featured_media":2878,"comment_status":"closed","ping_status":"closed","sticky":false,"template":"","format":"standard","meta":{"_bbp_topic_count":0,"_bbp_reply_count":0,"_bbp_total_topic_count":0,"_bbp_total_reply_count":0,"_bbp_voice_count":0,"_bbp_anonymous_reply_count":0,"_bbp_topic_count_hidden":0,"_bbp_reply_count_hidden":0,"_bbp_forum_subforum_count":0,"footnotes":""},"categories":[10,23,85,5,1,4],"tags":[],"class_list":["post-2877","post","type-post","status-publish","format-standard","has-post-thumbnail","hentry","category-1r","category-a-classe","category-curs-2018-2019","category-primaria","category-general","category-portada"],"post_mailing_queue_ids":[],"_links":{"self":[{"href":"https:\/\/agora.xtec.cat\/ceip-serramarina-sta-coloma\/wp-json\/wp\/v2\/posts\/2877","targetHints":{"allow":["GET"]}}],"collection":[{"href":"https:\/\/agora.xtec.cat\/ceip-serramarina-sta-coloma\/wp-json\/wp\/v2\/posts"}],"about":[{"href":"https:\/\/agora.xtec.cat\/ceip-serramarina-sta-coloma\/wp-json\/wp\/v2\/types\/post"}],"author":[{"embeddable":true,"href":"https:\/\/agora.xtec.cat\/ceip-serramarina-sta-coloma\/wp-json\/wp\/v2\/users\/12"}],"replies":[{"embeddable":true,"href":"https:\/\/agora.xtec.cat\/ceip-serramarina-sta-coloma\/wp-json\/wp\/v2\/comments?post=2877"}],"version-history":[{"count":1,"href":"https:\/\/agora.xtec.cat\/ceip-serramarina-sta-coloma\/wp-json\/wp\/v2\/posts\/2877\/revisions"}],"predecessor-version":[{"id":2879,"href":"https:\/\/agora.xtec.cat\/ceip-serramarina-sta-coloma\/wp-json\/wp\/v2\/posts\/2877\/revisions\/2879"}],"wp:featuredmedia":[{"embeddable":true,"href":"https:\/\/agora.xtec.cat\/ceip-serramarina-sta-coloma\/wp-json\/wp\/v2\/media\/2878"}],"wp:attachment":[{"href":"https:\/\/agora.xtec.cat\/ceip-serramarina-sta-coloma\/wp-json\/wp\/v2\/media?parent=2877"}],"wp:term":[{"taxonomy":"category","embeddable":true,"href":"https:\/\/agora.xtec.cat\/ceip-serramarina-sta-coloma\/wp-json\/wp\/v2\/categories?post=2877"},{"taxonomy":"post_tag","embeddable":true,"href":"https:\/\/agora.xtec.cat\/ceip-serramarina-sta-coloma\/wp-json\/wp\/v2\/tags?post=2877"}],"curies":[{"name":"wp","href":"https:\/\/api.w.org\/{rel}","templated":true}]}}