{"id":2740,"date":"2019-04-02T11:48:27","date_gmt":"2019-04-02T09:48:27","guid":{"rendered":"http:\/\/agora.xtec.cat\/ceip-serramarina-sta-coloma\/?p=2740"},"modified":"2019-04-02T12:10:06","modified_gmt":"2019-04-02T10:10:06","slug":"campanes-de-color-montessori","status":"publish","type":"post","link":"https:\/\/agora.xtec.cat\/ceip-serramarina-sta-coloma\/portada\/campanes-de-color-montessori\/","title":{"rendered":"CAMPANES DE COLOR MONTESSORI"},"content":{"rendered":"<p><iframe loading=\"lazy\" title=\"SRR 18-19 MU 011\" width=\"500\" height=\"375\" src=\"https:\/\/www.youtube.com\/embed\/4Opt0CHqMsQ?feature=oembed\" frameborder=\"0\" allow=\"accelerometer; autoplay; clipboard-write; encrypted-media; gyroscope; picture-in-picture; web-share\" referrerpolicy=\"strict-origin-when-cross-origin\" allowfullscreen><\/iframe><\/p>\n<p>CAMPANES DE COLORS MONTESSORI<\/p>\n<p>Estem treballant l&#8217;agut i el greu amb el cos i amb les campanes Montessori. Hem descobert que cada color \u00e9s una nota diferent, quina \u00e9s la campana m\u00e9s aguda i la m\u00e9s greu&#8230;<br \/>\nI ens ho hem passat d&#8217;all\u00f2 m\u00e9s b\u00e9 manipulant i tocant les campanes!<\/p>\n<p>Per cert!&#8230; Sabeu que si les ordenem, semblen una escala que puja i baixa?<\/p>\n","protected":false},"excerpt":{"rendered":"<p>CAMPANES DE COLORS MONTESSORI<br \/>\nEstem treballant l&#8217;agut i el greu amb el cos i amb les campanes Montessori. Hem descobert que cada color \u00e9s una nota diferent, quina \u00e9s la campana m\u00e9s aguda i la m\u00e9s greu&#8230;<br \/>\nI ens ho hem passat d&#8217;all\u00f2 m\u00e9s b\u00e9 manipulant i&hellip;  <a href=\"https:\/\/agora.xtec.cat\/ceip-serramarina-sta-coloma\/portada\/campanes-de-color-montessori\/\" title=\"Read CAMPANES DE COLOR MONTESSORI\">Llegeix m\u00e9s\u00bb<\/a><\/p>\n","protected":false},"author":11,"featured_media":2741,"comment_status":"closed","ping_status":"closed","sticky":false,"template":"","format":"standard","meta":{"_bbp_topic_count":0,"_bbp_reply_count":0,"_bbp_total_topic_count":0,"_bbp_total_reply_count":0,"_bbp_voice_count":0,"_bbp_anonymous_reply_count":0,"_bbp_topic_count_hidden":0,"_bbp_reply_count_hidden":0,"_bbp_forum_subforum_count":0,"footnotes":""},"categories":[85,45,48,4],"tags":[],"class_list":["post-2740","post","type-post","status-publish","format-standard","has-post-thumbnail","hentry","category-curs-2018-2019","category-especialitats","category-musica","category-portada"],"post_mailing_queue_ids":[],"_links":{"self":[{"href":"https:\/\/agora.xtec.cat\/ceip-serramarina-sta-coloma\/wp-json\/wp\/v2\/posts\/2740","targetHints":{"allow":["GET"]}}],"collection":[{"href":"https:\/\/agora.xtec.cat\/ceip-serramarina-sta-coloma\/wp-json\/wp\/v2\/posts"}],"about":[{"href":"https:\/\/agora.xtec.cat\/ceip-serramarina-sta-coloma\/wp-json\/wp\/v2\/types\/post"}],"author":[{"embeddable":true,"href":"https:\/\/agora.xtec.cat\/ceip-serramarina-sta-coloma\/wp-json\/wp\/v2\/users\/11"}],"replies":[{"embeddable":true,"href":"https:\/\/agora.xtec.cat\/ceip-serramarina-sta-coloma\/wp-json\/wp\/v2\/comments?post=2740"}],"version-history":[{"count":1,"href":"https:\/\/agora.xtec.cat\/ceip-serramarina-sta-coloma\/wp-json\/wp\/v2\/posts\/2740\/revisions"}],"predecessor-version":[{"id":2742,"href":"https:\/\/agora.xtec.cat\/ceip-serramarina-sta-coloma\/wp-json\/wp\/v2\/posts\/2740\/revisions\/2742"}],"wp:featuredmedia":[{"embeddable":true,"href":"https:\/\/agora.xtec.cat\/ceip-serramarina-sta-coloma\/wp-json\/wp\/v2\/media\/2741"}],"wp:attachment":[{"href":"https:\/\/agora.xtec.cat\/ceip-serramarina-sta-coloma\/wp-json\/wp\/v2\/media?parent=2740"}],"wp:term":[{"taxonomy":"category","embeddable":true,"href":"https:\/\/agora.xtec.cat\/ceip-serramarina-sta-coloma\/wp-json\/wp\/v2\/categories?post=2740"},{"taxonomy":"post_tag","embeddable":true,"href":"https:\/\/agora.xtec.cat\/ceip-serramarina-sta-coloma\/wp-json\/wp\/v2\/tags?post=2740"}],"curies":[{"name":"wp","href":"https:\/\/api.w.org\/{rel}","templated":true}]}}