{"id":2695,"date":"2019-03-28T13:35:55","date_gmt":"2019-03-28T12:35:55","guid":{"rendered":"http:\/\/agora.xtec.cat\/ceip-serramarina-sta-coloma\/?p=2695"},"modified":"2019-03-28T13:35:55","modified_gmt":"2019-03-28T12:35:55","slug":"som-i-fem-dovelles","status":"publish","type":"post","link":"https:\/\/agora.xtec.cat\/ceip-serramarina-sta-coloma\/general\/som-i-fem-dovelles\/","title":{"rendered":"SOM I FEM D&#8217;OVELLES"},"content":{"rendered":"<p><iframe loading=\"lazy\" title=\"SRR 18-19 EI 064\" width=\"500\" height=\"375\" src=\"https:\/\/www.youtube.com\/embed\/iJscCgTDdWo?feature=oembed\" frameborder=\"0\" allow=\"accelerometer; autoplay; clipboard-write; encrypted-media; gyroscope; picture-in-picture; web-share\" referrerpolicy=\"strict-origin-when-cross-origin\" allowfullscreen><\/iframe><\/p>\n<p>Els nens i nenes de la classe de les ovelles ens hem convertit en la mascota de la classe. Avui tots els nens hem canviat el nostre cos de nens i la vareta m\u00e0gica ens ha convertit en ovelles. Envoltats de llana i a quatre grapes hem hagut de canviar la nostre forma de pensar i caminar. Si \u00e9rem ovelles ja no pod\u00edem pensar ni parlar com els nens, aix\u00ed que en ramat i a quatre potes hem caminat per la granja, hem menjat blat i herba i hem comen\u00e7at a belar (beeee). Molta atenci\u00f3 que el pastor i el gos ens guien!<\/p>\n","protected":false},"excerpt":{"rendered":"<p>Els nens i nenes de la classe de les ovelles ens hem convertit en la mascota de la classe. Avui tots els nens hem canviat el nostre cos de nens i la vareta m\u00e0gica ens ha convertit en ovelles. Envoltats de llana i a quatre&hellip;  <a href=\"https:\/\/agora.xtec.cat\/ceip-serramarina-sta-coloma\/general\/som-i-fem-dovelles\/\" title=\"Read SOM I FEM D&#8217;OVELLES\">Llegeix m\u00e9s\u00bb<\/a><\/p>\n","protected":false},"author":9,"featured_media":2709,"comment_status":"closed","ping_status":"closed","sticky":false,"template":"","format":"standard","meta":{"_bbp_topic_count":0,"_bbp_reply_count":0,"_bbp_total_topic_count":0,"_bbp_total_reply_count":0,"_bbp_voice_count":0,"_bbp_anonymous_reply_count":0,"_bbp_topic_count_hidden":0,"_bbp_reply_count_hidden":0,"_bbp_forum_subforum_count":0,"footnotes":""},"categories":[85,2,1,3,4],"tags":[],"class_list":["post-2695","post","type-post","status-publish","format-standard","has-post-thumbnail","hentry","category-curs-2018-2019","category-infantil","category-general","category-p3","category-portada"],"post_mailing_queue_ids":[],"_links":{"self":[{"href":"https:\/\/agora.xtec.cat\/ceip-serramarina-sta-coloma\/wp-json\/wp\/v2\/posts\/2695","targetHints":{"allow":["GET"]}}],"collection":[{"href":"https:\/\/agora.xtec.cat\/ceip-serramarina-sta-coloma\/wp-json\/wp\/v2\/posts"}],"about":[{"href":"https:\/\/agora.xtec.cat\/ceip-serramarina-sta-coloma\/wp-json\/wp\/v2\/types\/post"}],"author":[{"embeddable":true,"href":"https:\/\/agora.xtec.cat\/ceip-serramarina-sta-coloma\/wp-json\/wp\/v2\/users\/9"}],"replies":[{"embeddable":true,"href":"https:\/\/agora.xtec.cat\/ceip-serramarina-sta-coloma\/wp-json\/wp\/v2\/comments?post=2695"}],"version-history":[{"count":2,"href":"https:\/\/agora.xtec.cat\/ceip-serramarina-sta-coloma\/wp-json\/wp\/v2\/posts\/2695\/revisions"}],"predecessor-version":[{"id":2697,"href":"https:\/\/agora.xtec.cat\/ceip-serramarina-sta-coloma\/wp-json\/wp\/v2\/posts\/2695\/revisions\/2697"}],"wp:featuredmedia":[{"embeddable":true,"href":"https:\/\/agora.xtec.cat\/ceip-serramarina-sta-coloma\/wp-json\/wp\/v2\/media\/2709"}],"wp:attachment":[{"href":"https:\/\/agora.xtec.cat\/ceip-serramarina-sta-coloma\/wp-json\/wp\/v2\/media?parent=2695"}],"wp:term":[{"taxonomy":"category","embeddable":true,"href":"https:\/\/agora.xtec.cat\/ceip-serramarina-sta-coloma\/wp-json\/wp\/v2\/categories?post=2695"},{"taxonomy":"post_tag","embeddable":true,"href":"https:\/\/agora.xtec.cat\/ceip-serramarina-sta-coloma\/wp-json\/wp\/v2\/tags?post=2695"}],"curies":[{"name":"wp","href":"https:\/\/api.w.org\/{rel}","templated":true}]}}