{"id":2669,"date":"2019-03-28T13:37:15","date_gmt":"2019-03-28T12:37:15","guid":{"rendered":"http:\/\/agora.xtec.cat\/ceip-serramarina-sta-coloma\/?p=2669"},"modified":"2019-03-28T13:37:15","modified_gmt":"2019-03-28T12:37:15","slug":"exposicions-del-projecte-els-conills","status":"publish","type":"post","link":"https:\/\/agora.xtec.cat\/ceip-serramarina-sta-coloma\/general\/exposicions-del-projecte-els-conills\/","title":{"rendered":"EXPOSICIONS DEL PROJECTE ELS CONILLS"},"content":{"rendered":"<p><iframe loading=\"lazy\" title=\"SRR18-19 EI 56\" width=\"500\" height=\"375\" src=\"https:\/\/www.youtube.com\/embed\/TZ4shh-VqNA?feature=oembed\" frameborder=\"0\" allow=\"accelerometer; autoplay; clipboard-write; encrypted-media; gyroscope; picture-in-picture; web-share\" referrerpolicy=\"strict-origin-when-cross-origin\" allowfullscreen><\/iframe><\/p>\n<p>&nbsp;<\/p>\n<p>Cada nen i nena de P3A ha investigat sobre el tema del nostre projecte, el conills, i havia de preparar la resposta a algunes de les preguntes que ens vam formular entre tots.<br \/>\nQU\u00c8 VOLEM SABER DELS CONILLS?<br \/>\nDE QUIN COLOR S\u00d3N<br \/>\nQUIN SOROLL FAN<br \/>\nON VIUEN<br \/>\nCOM NEIXEN<br \/>\nQU\u00c8 MENGEN<br \/>\nAmb l\u2019ajuda de la fam\u00edlia s\u2019havia de preparar una petita explicaci\u00f3 que s\u2019exposaria a la resta de companys\/es de la classe, amb el suport d\u2019imatges, fotos, llibres, contes o murals preparats a casa. Ha sigut una experi\u00e8ncia molt interessant i significativa pels alumnes, els quals havien de mantenir una bona postura durant l\u2019exposici\u00f3 i parlar amb un to de veu alt perqu\u00e8 tothom escolt\u00e9s b\u00e9 la informaci\u00f3.<br \/>\nHeus ac\u00ed els nens i les nenes que han portat algun tipus de material. Gr\u00e0cies a totes les fam\u00edlies que heu col\u00b7laborat en la preparaci\u00f3 d\u2019aquestes exposicions!<\/p>\n","protected":false},"excerpt":{"rendered":"<p>&nbsp;<br \/>\nCada nen i nena de P3A ha investigat sobre el tema del nostre projecte, el conills, i havia de preparar la resposta a algunes de les preguntes que ens vam formular entre tots.<br \/>\nQU\u00c8 VOLEM SABER DELS CONILLS?<br \/>\nDE QUIN COLOR S\u00d3N<br \/>\nQUIN SOROLL FAN<br \/>\nON VIUEN<br \/>\nCOM NEIXEN<br \/>\nQU\u00c8 MENGEN<br \/>\nAmb&hellip;  <a href=\"https:\/\/agora.xtec.cat\/ceip-serramarina-sta-coloma\/general\/exposicions-del-projecte-els-conills\/\" title=\"Read EXPOSICIONS DEL PROJECTE ELS CONILLS\">Llegeix m\u00e9s\u00bb<\/a><\/p>\n","protected":false},"author":9,"featured_media":2714,"comment_status":"closed","ping_status":"closed","sticky":false,"template":"","format":"standard","meta":{"_bbp_topic_count":0,"_bbp_reply_count":0,"_bbp_total_topic_count":0,"_bbp_total_reply_count":0,"_bbp_voice_count":0,"_bbp_anonymous_reply_count":0,"_bbp_topic_count_hidden":0,"_bbp_reply_count_hidden":0,"_bbp_forum_subforum_count":0,"footnotes":""},"categories":[85,2,1,3,4],"tags":[],"class_list":["post-2669","post","type-post","status-publish","format-standard","has-post-thumbnail","hentry","category-curs-2018-2019","category-infantil","category-general","category-p3","category-portada"],"post_mailing_queue_ids":[],"_links":{"self":[{"href":"https:\/\/agora.xtec.cat\/ceip-serramarina-sta-coloma\/wp-json\/wp\/v2\/posts\/2669","targetHints":{"allow":["GET"]}}],"collection":[{"href":"https:\/\/agora.xtec.cat\/ceip-serramarina-sta-coloma\/wp-json\/wp\/v2\/posts"}],"about":[{"href":"https:\/\/agora.xtec.cat\/ceip-serramarina-sta-coloma\/wp-json\/wp\/v2\/types\/post"}],"author":[{"embeddable":true,"href":"https:\/\/agora.xtec.cat\/ceip-serramarina-sta-coloma\/wp-json\/wp\/v2\/users\/9"}],"replies":[{"embeddable":true,"href":"https:\/\/agora.xtec.cat\/ceip-serramarina-sta-coloma\/wp-json\/wp\/v2\/comments?post=2669"}],"version-history":[{"count":3,"href":"https:\/\/agora.xtec.cat\/ceip-serramarina-sta-coloma\/wp-json\/wp\/v2\/posts\/2669\/revisions"}],"predecessor-version":[{"id":2675,"href":"https:\/\/agora.xtec.cat\/ceip-serramarina-sta-coloma\/wp-json\/wp\/v2\/posts\/2669\/revisions\/2675"}],"wp:featuredmedia":[{"embeddable":true,"href":"https:\/\/agora.xtec.cat\/ceip-serramarina-sta-coloma\/wp-json\/wp\/v2\/media\/2714"}],"wp:attachment":[{"href":"https:\/\/agora.xtec.cat\/ceip-serramarina-sta-coloma\/wp-json\/wp\/v2\/media?parent=2669"}],"wp:term":[{"taxonomy":"category","embeddable":true,"href":"https:\/\/agora.xtec.cat\/ceip-serramarina-sta-coloma\/wp-json\/wp\/v2\/categories?post=2669"},{"taxonomy":"post_tag","embeddable":true,"href":"https:\/\/agora.xtec.cat\/ceip-serramarina-sta-coloma\/wp-json\/wp\/v2\/tags?post=2669"}],"curies":[{"name":"wp","href":"https:\/\/api.w.org\/{rel}","templated":true}]}}