{"id":2570,"date":"2019-03-05T08:25:52","date_gmt":"2019-03-05T07:25:52","guid":{"rendered":"http:\/\/agora.xtec.cat\/ceip-serramarina-sta-coloma\/?p=2570"},"modified":"2019-03-05T08:26:27","modified_gmt":"2019-03-05T07:26:27","slug":"5e-els-emissaris-del-rei-carnestoltes","status":"publish","type":"post","link":"https:\/\/agora.xtec.cat\/ceip-serramarina-sta-coloma\/general\/5e-els-emissaris-del-rei-carnestoltes\/","title":{"rendered":"5\u00e8: ELS EMISSARIS DEL REI CARNESTOLTES!"},"content":{"rendered":"<p><iframe loading=\"lazy\" title=\"SRR 18-19 CS 025\" width=\"500\" height=\"281\" src=\"https:\/\/www.youtube.com\/embed\/GNQHMDcnoGM?feature=oembed\" frameborder=\"0\" allow=\"accelerometer; autoplay; clipboard-write; encrypted-media; gyroscope; picture-in-picture; web-share\" referrerpolicy=\"strict-origin-when-cross-origin\" allowfullscreen><\/iframe><\/p>\n<p>Aquesta setmana passada els nens i nenes de 5\u00e8 han estat els emissaris del rei Carnestoltes. De dilluns a dijous han entrat a totes les aules d&#8217;educaci\u00f3 infantil i prim\u00e0ria, per informar de les consignes que tothom havia de portar cada dia (venir vestit amb pijama, dur una sabata diferent a cada peu, etc.). A m\u00e9s revisar que tothom ho port\u00e9s, si no cara pintada! Ben guarnits s&#8217;ho han passat molt b\u00e9 fent-ho!<\/p>\n","protected":false},"excerpt":{"rendered":"<p>Aquesta setmana passada els nens i nenes de 5\u00e8 han estat els emissaris del rei Carnestoltes. De dilluns a dijous han entrat a totes les aules d&#8217;educaci\u00f3 infantil i prim\u00e0ria, per informar de les consignes que tothom havia de portar cada dia (venir vestit amb&hellip;  <a href=\"https:\/\/agora.xtec.cat\/ceip-serramarina-sta-coloma\/general\/5e-els-emissaris-del-rei-carnestoltes\/\" title=\"Read 5\u00e8: ELS EMISSARIS DEL REI CARNESTOLTES!\">Llegeix m\u00e9s\u00bb<\/a><\/p>\n","protected":false},"author":14,"featured_media":2571,"comment_status":"closed","ping_status":"closed","sticky":false,"template":"","format":"standard","meta":{"_bbp_topic_count":0,"_bbp_reply_count":0,"_bbp_total_topic_count":0,"_bbp_total_reply_count":0,"_bbp_voice_count":0,"_bbp_anonymous_reply_count":0,"_bbp_topic_count_hidden":0,"_bbp_reply_count_hidden":0,"_bbp_forum_subforum_count":0,"footnotes":""},"categories":[14,85,5,1],"tags":[],"class_list":["post-2570","post","type-post","status-publish","format-standard","has-post-thumbnail","hentry","category-5e","category-curs-2018-2019","category-primaria","category-general"],"post_mailing_queue_ids":[],"_links":{"self":[{"href":"https:\/\/agora.xtec.cat\/ceip-serramarina-sta-coloma\/wp-json\/wp\/v2\/posts\/2570","targetHints":{"allow":["GET"]}}],"collection":[{"href":"https:\/\/agora.xtec.cat\/ceip-serramarina-sta-coloma\/wp-json\/wp\/v2\/posts"}],"about":[{"href":"https:\/\/agora.xtec.cat\/ceip-serramarina-sta-coloma\/wp-json\/wp\/v2\/types\/post"}],"author":[{"embeddable":true,"href":"https:\/\/agora.xtec.cat\/ceip-serramarina-sta-coloma\/wp-json\/wp\/v2\/users\/14"}],"replies":[{"embeddable":true,"href":"https:\/\/agora.xtec.cat\/ceip-serramarina-sta-coloma\/wp-json\/wp\/v2\/comments?post=2570"}],"version-history":[{"count":1,"href":"https:\/\/agora.xtec.cat\/ceip-serramarina-sta-coloma\/wp-json\/wp\/v2\/posts\/2570\/revisions"}],"predecessor-version":[{"id":2572,"href":"https:\/\/agora.xtec.cat\/ceip-serramarina-sta-coloma\/wp-json\/wp\/v2\/posts\/2570\/revisions\/2572"}],"wp:featuredmedia":[{"embeddable":true,"href":"https:\/\/agora.xtec.cat\/ceip-serramarina-sta-coloma\/wp-json\/wp\/v2\/media\/2571"}],"wp:attachment":[{"href":"https:\/\/agora.xtec.cat\/ceip-serramarina-sta-coloma\/wp-json\/wp\/v2\/media?parent=2570"}],"wp:term":[{"taxonomy":"category","embeddable":true,"href":"https:\/\/agora.xtec.cat\/ceip-serramarina-sta-coloma\/wp-json\/wp\/v2\/categories?post=2570"},{"taxonomy":"post_tag","embeddable":true,"href":"https:\/\/agora.xtec.cat\/ceip-serramarina-sta-coloma\/wp-json\/wp\/v2\/tags?post=2570"}],"curies":[{"name":"wp","href":"https:\/\/api.w.org\/{rel}","templated":true}]}}