{"id":2558,"date":"2019-03-03T15:35:50","date_gmt":"2019-03-03T14:35:50","guid":{"rendered":"http:\/\/agora.xtec.cat\/ceip-serramarina-sta-coloma\/?p=2558"},"modified":"2019-03-03T15:39:49","modified_gmt":"2019-03-03T14:39:49","slug":"fem-activitats-de-lectura-a-p5-b","status":"publish","type":"post","link":"https:\/\/agora.xtec.cat\/ceip-serramarina-sta-coloma\/infantil\/fem-activitats-de-lectura-a-p5-b\/","title":{"rendered":"FEM ACTIVITATS DE LECTURA A P5 B"},"content":{"rendered":"<p><iframe loading=\"lazy\" title=\"SRR 18-19 EI 051\" width=\"500\" height=\"281\" src=\"https:\/\/www.youtube.com\/embed\/nnRjTbDLElY?feature=oembed\" frameborder=\"0\" allow=\"accelerometer; autoplay; clipboard-write; encrypted-media; gyroscope; picture-in-picture; web-share\" referrerpolicy=\"strict-origin-when-cross-origin\" allowfullscreen><\/iframe><\/p>\n<p>FEM ACTIVITATS DE LECTURA A P5 B<br \/>\nEls alumnes de P5 B estem treballant, aquest curs, els 30 min. De lectura diaris. Per portar a terme aquesta proposta, cada dia de la setmana realitzem una sessi\u00f3 diferent per introduir als vostres fills\/es en aquest m\u00f3n. Dilluns: maleta viatgera Tenim una maleta amb diferents contes, una llibreta i la mascota. Ens ho emportem sis dies a casa i fem una feina amb els pares. Hem de realitzar un dibuix del llibre que m\u00e9s ens ha agradat a la llibreta, explicar el motiu i despr\u00e9s explicar les nostres viv\u00e8ncies a l\u2019escola amb la mascota. Dimarts: recomanacions Cada setmana un nen\/a de la classe porta el seu llibre preferit a l\u2019escola per explicar-ho als seus companys\/es: t\u00edtol, estil de llibre, protagonista de la historia, part que m\u00e9s m\u2019agrada i la que menys\u2026 Dimecres: Biblioteca de l\u2019escola. Aquest dia mig grup se&#8217;n va a la biblioteca de l\u2019escola i l\u2019altre mig grup fa inform\u00e0tica. Aqu\u00ed aprenem les normes d\u2019una biblioteca i la cura que hem de tenir dels llibres. Dijous: lectura en veu alta<br \/>\nEn aquestes sessions treballem: dites, poemes, endevinalles i ara refranys dels noms dels companys\/es de classe. D\u2019aquesta manera introdu\u00efm les diferents tipologies textuals que hi han i les seves caracter\u00edstiques. Divendres: jocs de consciencia fonol\u00f2gica.<br \/>\nEn aqu\u00ed, es plantegen, sessions de pr\u00e0xies bucofonat\u00f2ries, exercicis del buf per aprendre a fer els sons de les lletres i vocalitzar b\u00e9, discriminaci\u00f3 auditiva de les diferents lletres de l\u2019abecedari, entre d\u2019altres. Us animem a les fam\u00edlies a seguir col\u00b7laborant i, novament, us agraeixo la vostra implicaci\u00f3 a les tasques que us encomanem des de l\u2019escola.<\/p>\n","protected":false},"excerpt":{"rendered":"<p>FEM ACTIVITATS DE LECTURA A P5 B<br \/>\nEls alumnes de P5 B estem treballant, aquest curs, els 30 min. De lectura diaris. Per portar a terme aquesta proposta, cada dia de la setmana realitzem una sessi\u00f3 diferent per introduir als vostres fills\/es en aquest m\u00f3n. Dilluns:&hellip;  <a href=\"https:\/\/agora.xtec.cat\/ceip-serramarina-sta-coloma\/infantil\/fem-activitats-de-lectura-a-p5-b\/\" title=\"Read FEM ACTIVITATS DE LECTURA A P5 B\">Llegeix m\u00e9s\u00bb<\/a><\/p>\n","protected":false},"author":9,"featured_media":2559,"comment_status":"closed","ping_status":"closed","sticky":false,"template":"","format":"standard","meta":{"_bbp_topic_count":0,"_bbp_reply_count":0,"_bbp_total_topic_count":0,"_bbp_total_reply_count":0,"_bbp_voice_count":0,"_bbp_anonymous_reply_count":0,"_bbp_topic_count_hidden":0,"_bbp_reply_count_hidden":0,"_bbp_forum_subforum_count":0,"footnotes":""},"categories":[85,2,9,4],"tags":[],"class_list":["post-2558","post","type-post","status-publish","format-standard","has-post-thumbnail","hentry","category-curs-2018-2019","category-infantil","category-p5","category-portada"],"post_mailing_queue_ids":[],"_links":{"self":[{"href":"https:\/\/agora.xtec.cat\/ceip-serramarina-sta-coloma\/wp-json\/wp\/v2\/posts\/2558","targetHints":{"allow":["GET"]}}],"collection":[{"href":"https:\/\/agora.xtec.cat\/ceip-serramarina-sta-coloma\/wp-json\/wp\/v2\/posts"}],"about":[{"href":"https:\/\/agora.xtec.cat\/ceip-serramarina-sta-coloma\/wp-json\/wp\/v2\/types\/post"}],"author":[{"embeddable":true,"href":"https:\/\/agora.xtec.cat\/ceip-serramarina-sta-coloma\/wp-json\/wp\/v2\/users\/9"}],"replies":[{"embeddable":true,"href":"https:\/\/agora.xtec.cat\/ceip-serramarina-sta-coloma\/wp-json\/wp\/v2\/comments?post=2558"}],"version-history":[{"count":1,"href":"https:\/\/agora.xtec.cat\/ceip-serramarina-sta-coloma\/wp-json\/wp\/v2\/posts\/2558\/revisions"}],"predecessor-version":[{"id":2560,"href":"https:\/\/agora.xtec.cat\/ceip-serramarina-sta-coloma\/wp-json\/wp\/v2\/posts\/2558\/revisions\/2560"}],"wp:featuredmedia":[{"embeddable":true,"href":"https:\/\/agora.xtec.cat\/ceip-serramarina-sta-coloma\/wp-json\/wp\/v2\/media\/2559"}],"wp:attachment":[{"href":"https:\/\/agora.xtec.cat\/ceip-serramarina-sta-coloma\/wp-json\/wp\/v2\/media?parent=2558"}],"wp:term":[{"taxonomy":"category","embeddable":true,"href":"https:\/\/agora.xtec.cat\/ceip-serramarina-sta-coloma\/wp-json\/wp\/v2\/categories?post=2558"},{"taxonomy":"post_tag","embeddable":true,"href":"https:\/\/agora.xtec.cat\/ceip-serramarina-sta-coloma\/wp-json\/wp\/v2\/tags?post=2558"}],"curies":[{"name":"wp","href":"https:\/\/api.w.org\/{rel}","templated":true}]}}