{"id":2555,"date":"2019-03-03T12:44:26","date_gmt":"2019-03-03T11:44:26","guid":{"rendered":"http:\/\/agora.xtec.cat\/ceip-serramarina-sta-coloma\/?p=2555"},"modified":"2019-03-03T12:44:26","modified_gmt":"2019-03-03T11:44:26","slug":"la-classe-de-p4-b-gaudeix-de-la-informatica","status":"publish","type":"post","link":"https:\/\/agora.xtec.cat\/ceip-serramarina-sta-coloma\/infantil\/la-classe-de-p4-b-gaudeix-de-la-informatica\/","title":{"rendered":"LA CLASSE DE P4 B GAUDEIX DE LA INFORM\u00c0TICA"},"content":{"rendered":"<p><iframe loading=\"lazy\" title=\"SRR 18-19 EI 050\" width=\"500\" height=\"375\" src=\"https:\/\/www.youtube.com\/embed\/4oDQZod_J0g?feature=oembed\" frameborder=\"0\" allow=\"accelerometer; autoplay; clipboard-write; encrypted-media; gyroscope; picture-in-picture; web-share\" referrerpolicy=\"strict-origin-when-cross-origin\" allowfullscreen><\/iframe><\/p>\n<p>LA CLASSE DE P4 B GAUDEIX DE LA INFORM\u00c0TICA<br \/>\nVivim en un m\u00f3n cada vegada m\u00e9s tecnol\u00f2gic. Per aquesta ra\u00f3 els nens i nenes de P4-B estem molt interessats per les noves tecnologies i la inform\u00e0tica. Un cop per setmana aprenem a relacionar-nos amb els ordinadors i la vida digital a l&#8217;aula d&#8217;inform\u00e0tica. All\u00e0 ens familiaritzem amb les diferents parts d&#8217;un ordinador i gaudim d\u2019interessants aplicacions i jocs. No \u00e9s una tasca f\u00e0cil, per\u00f2 a poc a poc anem descobrint aquest apassionant m\u00f3n tecnol\u00f2gic.<\/p>\n","protected":false},"excerpt":{"rendered":"<p>LA CLASSE DE P4 B GAUDEIX DE LA INFORM\u00c0TICA<br \/>\nVivim en un m\u00f3n cada vegada m\u00e9s tecnol\u00f2gic. Per aquesta ra\u00f3 els nens i nenes de P4-B estem molt interessats per les noves tecnologies i la inform\u00e0tica. Un cop per setmana aprenem a relacionar-nos amb els ordinadors&hellip;  <a href=\"https:\/\/agora.xtec.cat\/ceip-serramarina-sta-coloma\/infantil\/la-classe-de-p4-b-gaudeix-de-la-informatica\/\" title=\"Read LA CLASSE DE P4 B GAUDEIX DE LA INFORM\u00c0TICA\">Llegeix m\u00e9s\u00bb<\/a><\/p>\n","protected":false},"author":9,"featured_media":2556,"comment_status":"closed","ping_status":"closed","sticky":false,"template":"","format":"standard","meta":{"_bbp_topic_count":0,"_bbp_reply_count":0,"_bbp_total_topic_count":0,"_bbp_total_reply_count":0,"_bbp_voice_count":0,"_bbp_anonymous_reply_count":0,"_bbp_topic_count_hidden":0,"_bbp_reply_count_hidden":0,"_bbp_forum_subforum_count":0,"footnotes":""},"categories":[85,2,8,4],"tags":[],"class_list":["post-2555","post","type-post","status-publish","format-standard","has-post-thumbnail","hentry","category-curs-2018-2019","category-infantil","category-p4","category-portada"],"post_mailing_queue_ids":[],"_links":{"self":[{"href":"https:\/\/agora.xtec.cat\/ceip-serramarina-sta-coloma\/wp-json\/wp\/v2\/posts\/2555","targetHints":{"allow":["GET"]}}],"collection":[{"href":"https:\/\/agora.xtec.cat\/ceip-serramarina-sta-coloma\/wp-json\/wp\/v2\/posts"}],"about":[{"href":"https:\/\/agora.xtec.cat\/ceip-serramarina-sta-coloma\/wp-json\/wp\/v2\/types\/post"}],"author":[{"embeddable":true,"href":"https:\/\/agora.xtec.cat\/ceip-serramarina-sta-coloma\/wp-json\/wp\/v2\/users\/9"}],"replies":[{"embeddable":true,"href":"https:\/\/agora.xtec.cat\/ceip-serramarina-sta-coloma\/wp-json\/wp\/v2\/comments?post=2555"}],"version-history":[{"count":1,"href":"https:\/\/agora.xtec.cat\/ceip-serramarina-sta-coloma\/wp-json\/wp\/v2\/posts\/2555\/revisions"}],"predecessor-version":[{"id":2557,"href":"https:\/\/agora.xtec.cat\/ceip-serramarina-sta-coloma\/wp-json\/wp\/v2\/posts\/2555\/revisions\/2557"}],"wp:featuredmedia":[{"embeddable":true,"href":"https:\/\/agora.xtec.cat\/ceip-serramarina-sta-coloma\/wp-json\/wp\/v2\/media\/2556"}],"wp:attachment":[{"href":"https:\/\/agora.xtec.cat\/ceip-serramarina-sta-coloma\/wp-json\/wp\/v2\/media?parent=2555"}],"wp:term":[{"taxonomy":"category","embeddable":true,"href":"https:\/\/agora.xtec.cat\/ceip-serramarina-sta-coloma\/wp-json\/wp\/v2\/categories?post=2555"},{"taxonomy":"post_tag","embeddable":true,"href":"https:\/\/agora.xtec.cat\/ceip-serramarina-sta-coloma\/wp-json\/wp\/v2\/tags?post=2555"}],"curies":[{"name":"wp","href":"https:\/\/api.w.org\/{rel}","templated":true}]}}