{"id":2531,"date":"2019-03-05T08:18:55","date_gmt":"2019-03-05T07:18:55","guid":{"rendered":"http:\/\/agora.xtec.cat\/ceip-serramarina-sta-coloma\/?p=2531"},"modified":"2019-03-05T08:18:55","modified_gmt":"2019-03-05T07:18:55","slug":"5e-b-analitzem-un-diari","status":"publish","type":"post","link":"https:\/\/agora.xtec.cat\/ceip-serramarina-sta-coloma\/portada\/5e-b-analitzem-un-diari\/","title":{"rendered":"5\u00e8 B ANALITZEM UN DIARI"},"content":{"rendered":"<p><iframe loading=\"lazy\" title=\"SRR 18-19 CS 024\" width=\"500\" height=\"281\" src=\"https:\/\/www.youtube.com\/embed\/oVZWp8CYU-U?feature=oembed\" frameborder=\"0\" allow=\"accelerometer; autoplay; clipboard-write; encrypted-media; gyroscope; picture-in-picture; web-share\" referrerpolicy=\"strict-origin-when-cross-origin\" allowfullscreen><\/iframe><\/p>\n<p>En el taller de lectura, els alumnes de 5\u00e8 B hem estat fullejant diaris per tal de con\u00e8ixer com s\u2019organitzen les not\u00edcies, com s\u2019ordena la informaci\u00f3, aprendre conceptes nous, saber on podem trobar la programaci\u00f3 de la televisi\u00f3 i\/o la cartellera per anar al cinema, etc. Ha estat una activitat molt entretinguda i tamb\u00e9 productiva, ja que ara coneixem perfectament el funcionament d\u2019un diari.<\/p>\n","protected":false},"excerpt":{"rendered":"<p>En el taller de lectura, els alumnes de 5\u00e8 B hem estat fullejant diaris per tal de con\u00e8ixer com s\u2019organitzen les not\u00edcies, com s\u2019ordena la informaci\u00f3, aprendre conceptes nous, saber on podem trobar la programaci\u00f3 de la televisi\u00f3 i\/o la cartellera per anar al cinema,&hellip;  <a href=\"https:\/\/agora.xtec.cat\/ceip-serramarina-sta-coloma\/portada\/5e-b-analitzem-un-diari\/\" title=\"Read 5\u00e8 B ANALITZEM UN DIARI\">Llegeix m\u00e9s\u00bb<\/a><\/p>\n","protected":false},"author":14,"featured_media":2569,"comment_status":"closed","ping_status":"closed","sticky":false,"template":"","format":"standard","meta":{"_bbp_topic_count":0,"_bbp_reply_count":0,"_bbp_total_topic_count":0,"_bbp_total_reply_count":0,"_bbp_voice_count":0,"_bbp_anonymous_reply_count":0,"_bbp_topic_count_hidden":0,"_bbp_reply_count_hidden":0,"_bbp_forum_subforum_count":0,"footnotes":""},"categories":[14,85,5,4],"tags":[],"class_list":["post-2531","post","type-post","status-publish","format-standard","has-post-thumbnail","hentry","category-5e","category-curs-2018-2019","category-primaria","category-portada"],"post_mailing_queue_ids":[],"_links":{"self":[{"href":"https:\/\/agora.xtec.cat\/ceip-serramarina-sta-coloma\/wp-json\/wp\/v2\/posts\/2531","targetHints":{"allow":["GET"]}}],"collection":[{"href":"https:\/\/agora.xtec.cat\/ceip-serramarina-sta-coloma\/wp-json\/wp\/v2\/posts"}],"about":[{"href":"https:\/\/agora.xtec.cat\/ceip-serramarina-sta-coloma\/wp-json\/wp\/v2\/types\/post"}],"author":[{"embeddable":true,"href":"https:\/\/agora.xtec.cat\/ceip-serramarina-sta-coloma\/wp-json\/wp\/v2\/users\/14"}],"replies":[{"embeddable":true,"href":"https:\/\/agora.xtec.cat\/ceip-serramarina-sta-coloma\/wp-json\/wp\/v2\/comments?post=2531"}],"version-history":[{"count":3,"href":"https:\/\/agora.xtec.cat\/ceip-serramarina-sta-coloma\/wp-json\/wp\/v2\/posts\/2531\/revisions"}],"predecessor-version":[{"id":2534,"href":"https:\/\/agora.xtec.cat\/ceip-serramarina-sta-coloma\/wp-json\/wp\/v2\/posts\/2531\/revisions\/2534"}],"wp:featuredmedia":[{"embeddable":true,"href":"https:\/\/agora.xtec.cat\/ceip-serramarina-sta-coloma\/wp-json\/wp\/v2\/media\/2569"}],"wp:attachment":[{"href":"https:\/\/agora.xtec.cat\/ceip-serramarina-sta-coloma\/wp-json\/wp\/v2\/media?parent=2531"}],"wp:term":[{"taxonomy":"category","embeddable":true,"href":"https:\/\/agora.xtec.cat\/ceip-serramarina-sta-coloma\/wp-json\/wp\/v2\/categories?post=2531"},{"taxonomy":"post_tag","embeddable":true,"href":"https:\/\/agora.xtec.cat\/ceip-serramarina-sta-coloma\/wp-json\/wp\/v2\/tags?post=2531"}],"curies":[{"name":"wp","href":"https:\/\/api.w.org\/{rel}","templated":true}]}}