{"id":2520,"date":"2019-03-04T13:03:52","date_gmt":"2019-03-04T12:03:52","guid":{"rendered":"http:\/\/agora.xtec.cat\/ceip-serramarina-sta-coloma\/?p=2520"},"modified":"2019-03-04T13:03:52","modified_gmt":"2019-03-04T12:03:52","slug":"lhivern-a-la-classe-dels-conills-p3a","status":"publish","type":"post","link":"https:\/\/agora.xtec.cat\/ceip-serramarina-sta-coloma\/general\/lhivern-a-la-classe-dels-conills-p3a\/","title":{"rendered":"L&#8217;HIVERN A LA CLASSE DELS CONILLS P3A"},"content":{"rendered":"<p><iframe loading=\"lazy\" title=\"SRR 18-19 EI 044\" width=\"500\" height=\"281\" src=\"https:\/\/www.youtube.com\/embed\/cWlNyICZl5E?feature=oembed\" frameborder=\"0\" allow=\"accelerometer; autoplay; clipboard-write; encrypted-media; gyroscope; picture-in-picture; web-share\" referrerpolicy=\"strict-origin-when-cross-origin\" allowfullscreen><\/iframe><\/p>\n<p>L\u2019HIVERN<br \/>\nL&#8217;hivern i el fred<br \/>\nfa enrogir les galtes.<br \/>\nL&#8217;hivern i el fred,<br \/>\nens cal un barret.<\/p>\n<p>Jo corro, jo salto,<br \/>\njo canto, jo ballo.<br \/>\nL&#8217;hivern i el fred,<br \/>\nens cal un bon jec.<\/p>\n<p>Can\u00e7\u00f3 de D\u00e0maris Gelabert. Podeu veure el v\u00eddeo en aquest enlla\u00e7:<br \/>\nhttps:\/\/www.youtube.com\/watch?v=1PCAJgylsRs&#038;feature=youtu.be<\/p>\n<p>Aqu\u00ed teniu les activitats que hem fet per a treballar l\u2019hivern: pintar amb els seus colors, decorar un gorro d\u2019hivern, pintar amb gla\u00e7ons de gel, aprendre una dita: \u201cA l\u2019hivern el millor amic \u00e9s un bon abric\u201d, escoltar can\u00e7ons i m\u00fasica relacionades amb aquesta estaci\u00f3 i escoltar el conte, Quan arriba el senyor Hivern (de l\u2019editorial Salvatella).<br \/>\nL\u2019Hivern arriba molt engalanat vestit de blanc, blau, gris i morat. Abriguem-nos que fa fred!<\/p>\n","protected":false},"excerpt":{"rendered":"<p>L\u2019HIVERN<br \/>\nL&#8217;hivern i el fred<br \/>\nfa enrogir les galtes.<br \/>\nL&#8217;hivern i el fred,<br \/>\nens cal un barret.<br \/>\nJo corro, jo salto,<br \/>\njo canto, jo ballo.<br \/>\nL&#8217;hivern i el fred,<br \/>\nens cal un bon jec.<br \/>\nCan\u00e7\u00f3 de D\u00e0maris Gelabert. Podeu veure el v\u00eddeo en aquest enlla\u00e7:<br \/>\nhttps:\/\/www.youtube.com\/watch?v=1PCAJgylsRs&#038;feature=youtu.be<br \/>\nAqu\u00ed teniu les activitats que hem fet per a treballar&hellip;  <a href=\"https:\/\/agora.xtec.cat\/ceip-serramarina-sta-coloma\/general\/lhivern-a-la-classe-dels-conills-p3a\/\" title=\"Read L&#8217;HIVERN A LA CLASSE DELS CONILLS P3A\">Llegeix m\u00e9s\u00bb<\/a><\/p>\n","protected":false},"author":9,"featured_media":2568,"comment_status":"closed","ping_status":"closed","sticky":false,"template":"","format":"standard","meta":{"_bbp_topic_count":0,"_bbp_reply_count":0,"_bbp_total_topic_count":0,"_bbp_total_reply_count":0,"_bbp_voice_count":0,"_bbp_anonymous_reply_count":0,"_bbp_topic_count_hidden":0,"_bbp_reply_count_hidden":0,"_bbp_forum_subforum_count":0,"footnotes":""},"categories":[81,85,2,1,3,4],"tags":[],"class_list":["post-2520","post","type-post","status-publish","format-standard","has-post-thumbnail","hentry","category-aula","category-curs-2018-2019","category-infantil","category-general","category-p3","category-portada"],"post_mailing_queue_ids":[],"_links":{"self":[{"href":"https:\/\/agora.xtec.cat\/ceip-serramarina-sta-coloma\/wp-json\/wp\/v2\/posts\/2520","targetHints":{"allow":["GET"]}}],"collection":[{"href":"https:\/\/agora.xtec.cat\/ceip-serramarina-sta-coloma\/wp-json\/wp\/v2\/posts"}],"about":[{"href":"https:\/\/agora.xtec.cat\/ceip-serramarina-sta-coloma\/wp-json\/wp\/v2\/types\/post"}],"author":[{"embeddable":true,"href":"https:\/\/agora.xtec.cat\/ceip-serramarina-sta-coloma\/wp-json\/wp\/v2\/users\/9"}],"replies":[{"embeddable":true,"href":"https:\/\/agora.xtec.cat\/ceip-serramarina-sta-coloma\/wp-json\/wp\/v2\/comments?post=2520"}],"version-history":[{"count":2,"href":"https:\/\/agora.xtec.cat\/ceip-serramarina-sta-coloma\/wp-json\/wp\/v2\/posts\/2520\/revisions"}],"predecessor-version":[{"id":2537,"href":"https:\/\/agora.xtec.cat\/ceip-serramarina-sta-coloma\/wp-json\/wp\/v2\/posts\/2520\/revisions\/2537"}],"wp:featuredmedia":[{"embeddable":true,"href":"https:\/\/agora.xtec.cat\/ceip-serramarina-sta-coloma\/wp-json\/wp\/v2\/media\/2568"}],"wp:attachment":[{"href":"https:\/\/agora.xtec.cat\/ceip-serramarina-sta-coloma\/wp-json\/wp\/v2\/media?parent=2520"}],"wp:term":[{"taxonomy":"category","embeddable":true,"href":"https:\/\/agora.xtec.cat\/ceip-serramarina-sta-coloma\/wp-json\/wp\/v2\/categories?post=2520"},{"taxonomy":"post_tag","embeddable":true,"href":"https:\/\/agora.xtec.cat\/ceip-serramarina-sta-coloma\/wp-json\/wp\/v2\/tags?post=2520"}],"curies":[{"name":"wp","href":"https:\/\/api.w.org\/{rel}","templated":true}]}}