{"id":2491,"date":"2019-02-20T13:28:45","date_gmt":"2019-02-20T12:28:45","guid":{"rendered":"http:\/\/agora.xtec.cat\/ceip-serramarina-sta-coloma\/?p=2491"},"modified":"2019-02-20T13:28:45","modified_gmt":"2019-02-20T12:28:45","slug":"els-nostres-momentsgener","status":"publish","type":"post","link":"https:\/\/agora.xtec.cat\/ceip-serramarina-sta-coloma\/portada\/els-nostres-momentsgener\/","title":{"rendered":"ELS NOSTRES MOMENTS:GENER"},"content":{"rendered":"<p><iframe loading=\"lazy\" title=\"SRR 18-19 CM 020\" width=\"500\" height=\"281\" src=\"https:\/\/www.youtube.com\/embed\/R0Stu73-YPU?feature=oembed\" frameborder=\"0\" allow=\"accelerometer; autoplay; clipboard-write; encrypted-media; gyroscope; picture-in-picture; web-share\" referrerpolicy=\"strict-origin-when-cross-origin\" allowfullscreen><\/iframe><\/p>\n<p>ELS NOSTRES MOMENTS:GENER. 4tA.Els mesos de desembre i gener s\u00f3n molt especials per als nostres nens i nenes. Les seves cares, les seves mirades, el seu fer \u00e9s innocent i molt tendre perqu\u00e8 s\u00f3n mesos carregats d\u2019il\u2022lusions, m\u00e0gia, alegria, diversi\u00f3\u2026 Durant aquests mesos compartim amb ells moments significatius que marquen cada activitat i la fan especial. I ho volem compartir amb vosaltres!<br \/>\nTenim un munt d\u2019activitats i propostes noves per aquest nou any\u2026 Ja hem visitat la biblioteca nova de l\u2019escola, i ens ha agradat molt\u00edssim! Hem comen\u00e7at els tallers internivells i tenim moltes propostes, com: geometria, mesures i longituds, resoluci\u00f3 de problemes, la redacci\u00f3 d\u2019un diari i moltes m\u00e9s. Us deixem un tastet!<\/p>\n","protected":false},"excerpt":{"rendered":"<p>ELS NOSTRES MOMENTS:GENER. 4tA.Els mesos de desembre i gener s\u00f3n molt especials per als nostres nens i nenes. Les seves cares, les seves mirades, el seu fer \u00e9s innocent i molt tendre perqu\u00e8 s\u00f3n mesos carregats d\u2019il\u2022lusions, m\u00e0gia, alegria, diversi\u00f3\u2026 Durant aquests mesos compartim amb&hellip;  <a href=\"https:\/\/agora.xtec.cat\/ceip-serramarina-sta-coloma\/portada\/els-nostres-momentsgener\/\" title=\"Read ELS NOSTRES MOMENTS:GENER\">Llegeix m\u00e9s\u00bb<\/a><\/p>\n","protected":false},"author":13,"featured_media":2492,"comment_status":"closed","ping_status":"closed","sticky":false,"template":"","format":"standard","meta":{"_bbp_topic_count":0,"_bbp_reply_count":0,"_bbp_total_topic_count":0,"_bbp_total_reply_count":0,"_bbp_voice_count":0,"_bbp_anonymous_reply_count":0,"_bbp_topic_count_hidden":0,"_bbp_reply_count_hidden":0,"_bbp_forum_subforum_count":0,"footnotes":""},"categories":[13,23,81,85,5,4],"tags":[],"class_list":["post-2491","post","type-post","status-publish","format-standard","has-post-thumbnail","hentry","category-4t","category-a-classe","category-aula","category-curs-2018-2019","category-primaria","category-portada"],"post_mailing_queue_ids":[],"_links":{"self":[{"href":"https:\/\/agora.xtec.cat\/ceip-serramarina-sta-coloma\/wp-json\/wp\/v2\/posts\/2491","targetHints":{"allow":["GET"]}}],"collection":[{"href":"https:\/\/agora.xtec.cat\/ceip-serramarina-sta-coloma\/wp-json\/wp\/v2\/posts"}],"about":[{"href":"https:\/\/agora.xtec.cat\/ceip-serramarina-sta-coloma\/wp-json\/wp\/v2\/types\/post"}],"author":[{"embeddable":true,"href":"https:\/\/agora.xtec.cat\/ceip-serramarina-sta-coloma\/wp-json\/wp\/v2\/users\/13"}],"replies":[{"embeddable":true,"href":"https:\/\/agora.xtec.cat\/ceip-serramarina-sta-coloma\/wp-json\/wp\/v2\/comments?post=2491"}],"version-history":[{"count":1,"href":"https:\/\/agora.xtec.cat\/ceip-serramarina-sta-coloma\/wp-json\/wp\/v2\/posts\/2491\/revisions"}],"predecessor-version":[{"id":2493,"href":"https:\/\/agora.xtec.cat\/ceip-serramarina-sta-coloma\/wp-json\/wp\/v2\/posts\/2491\/revisions\/2493"}],"wp:featuredmedia":[{"embeddable":true,"href":"https:\/\/agora.xtec.cat\/ceip-serramarina-sta-coloma\/wp-json\/wp\/v2\/media\/2492"}],"wp:attachment":[{"href":"https:\/\/agora.xtec.cat\/ceip-serramarina-sta-coloma\/wp-json\/wp\/v2\/media?parent=2491"}],"wp:term":[{"taxonomy":"category","embeddable":true,"href":"https:\/\/agora.xtec.cat\/ceip-serramarina-sta-coloma\/wp-json\/wp\/v2\/categories?post=2491"},{"taxonomy":"post_tag","embeddable":true,"href":"https:\/\/agora.xtec.cat\/ceip-serramarina-sta-coloma\/wp-json\/wp\/v2\/tags?post=2491"}],"curies":[{"name":"wp","href":"https:\/\/api.w.org\/{rel}","templated":true}]}}