{"id":2479,"date":"2019-02-20T07:53:50","date_gmt":"2019-02-20T06:53:50","guid":{"rendered":"http:\/\/agora.xtec.cat\/ceip-serramarina-sta-coloma\/?p=2479"},"modified":"2019-02-20T20:29:53","modified_gmt":"2019-02-20T19:29:53","slug":"la-fageda-den-jorda","status":"publish","type":"post","link":"https:\/\/agora.xtec.cat\/ceip-serramarina-sta-coloma\/portada\/la-fageda-den-jorda\/","title":{"rendered":"LA FAGEDA D&#8217;EN JORD\u00c0"},"content":{"rendered":"<p><strong>LA FAGEDA D&#8217;EN JORD\u00c0 2N A<\/strong><\/p>\n<p>Els nens i nenes de la classe dels dofins van anar d\u2019excursi\u00f3, en companyia dels nostres companys\/es de la classe dels crancs i dels alumnes de primer, a la Fageda d\u2019en Jord\u00e0 (Girona)<br \/>\nLa sortida va ser d\u2019all\u00f2 m\u00e9s interessant ja que, a part del itinerari per la natura, vam poder visitar la f\u00e0brica de La Fageda, on fan els iogurts que mengem a l\u2019escola! Vam veure i tocar les vaques m\u00e9s petites de la granja, ens van explicar coses ben curioses com que el veterinari pintava de color rosa fluorescent el serrell de les vaques per distingir a quines havia vacunat ja i vam veure que tenien un spa amb rodells per poder-se gratar en cas de necessitat. Que les vaques estiguin a gust \u00e9s molt important per la bona producci\u00f3 de la llet, de la que surten els iogurts!!! Tamb\u00e9 feien melmelada i tenien un hort ecol\u00f2gic.<br \/>\nDespr\u00e9s, vam fer un passeig en el que la nostra guia ens va donar molta informaci\u00f3 sobre la fageda, la seva flora i la seva fauna. Est\u00e0 ubicada sobre d\u2019uns sediments que van ser lava de volc\u00e0 i per aix\u00f2 cal caminar amb molt de compte ja que amb la manta de fulles no \u00e9s veu, per\u00f2 \u00e9s un terreny d\u2019all\u00f2 m\u00e9s esquerp&#8230;<br \/>\nI per acabar el dia&#8230;qu\u00e8 millor que un picnic amb els amics i les amigues? Us deixem unes imatges per a que gaudiu&#8230; Fins aviat!!!<\/p>\n<p><iframe loading=\"lazy\" title=\"SRR 18-19 CI018\" width=\"500\" height=\"375\" src=\"https:\/\/www.youtube.com\/embed\/QTTigu0cptY?feature=oembed\" frameborder=\"0\" allow=\"accelerometer; autoplay; clipboard-write; encrypted-media; gyroscope; picture-in-picture; web-share\" referrerpolicy=\"strict-origin-when-cross-origin\" allowfullscreen><\/iframe><\/p>\n","protected":false},"excerpt":{"rendered":"<p>LA FAGEDA D&#8217;EN JORD\u00c0 2N A<br \/>\nEls nens i nenes de la classe dels dofins van anar d\u2019excursi\u00f3, en companyia dels nostres companys\/es de la classe dels crancs i dels alumnes de primer, a la Fageda d\u2019en Jord\u00e0 (Girona)<br \/>\nLa sortida va ser d\u2019all\u00f2 m\u00e9s interessant ja&hellip;  <a href=\"https:\/\/agora.xtec.cat\/ceip-serramarina-sta-coloma\/portada\/la-fageda-den-jorda\/\" title=\"Read LA FAGEDA D&#8217;EN JORD\u00c0\">Llegeix m\u00e9s\u00bb<\/a><\/p>\n","protected":false},"author":12,"featured_media":2480,"comment_status":"closed","ping_status":"closed","sticky":false,"template":"","format":"standard","meta":{"_bbp_topic_count":0,"_bbp_reply_count":0,"_bbp_total_topic_count":0,"_bbp_total_reply_count":0,"_bbp_voice_count":0,"_bbp_anonymous_reply_count":0,"_bbp_topic_count_hidden":0,"_bbp_reply_count_hidden":0,"_bbp_forum_subforum_count":0,"footnotes":""},"categories":[11,85,5,4,21],"tags":[],"class_list":["post-2479","post","type-post","status-publish","format-standard","has-post-thumbnail","hentry","category-2n","category-curs-2018-2019","category-primaria","category-portada","category-sortides"],"post_mailing_queue_ids":[],"_links":{"self":[{"href":"https:\/\/agora.xtec.cat\/ceip-serramarina-sta-coloma\/wp-json\/wp\/v2\/posts\/2479","targetHints":{"allow":["GET"]}}],"collection":[{"href":"https:\/\/agora.xtec.cat\/ceip-serramarina-sta-coloma\/wp-json\/wp\/v2\/posts"}],"about":[{"href":"https:\/\/agora.xtec.cat\/ceip-serramarina-sta-coloma\/wp-json\/wp\/v2\/types\/post"}],"author":[{"embeddable":true,"href":"https:\/\/agora.xtec.cat\/ceip-serramarina-sta-coloma\/wp-json\/wp\/v2\/users\/12"}],"replies":[{"embeddable":true,"href":"https:\/\/agora.xtec.cat\/ceip-serramarina-sta-coloma\/wp-json\/wp\/v2\/comments?post=2479"}],"version-history":[{"count":3,"href":"https:\/\/agora.xtec.cat\/ceip-serramarina-sta-coloma\/wp-json\/wp\/v2\/posts\/2479\/revisions"}],"predecessor-version":[{"id":2500,"href":"https:\/\/agora.xtec.cat\/ceip-serramarina-sta-coloma\/wp-json\/wp\/v2\/posts\/2479\/revisions\/2500"}],"wp:featuredmedia":[{"embeddable":true,"href":"https:\/\/agora.xtec.cat\/ceip-serramarina-sta-coloma\/wp-json\/wp\/v2\/media\/2480"}],"wp:attachment":[{"href":"https:\/\/agora.xtec.cat\/ceip-serramarina-sta-coloma\/wp-json\/wp\/v2\/media?parent=2479"}],"wp:term":[{"taxonomy":"category","embeddable":true,"href":"https:\/\/agora.xtec.cat\/ceip-serramarina-sta-coloma\/wp-json\/wp\/v2\/categories?post=2479"},{"taxonomy":"post_tag","embeddable":true,"href":"https:\/\/agora.xtec.cat\/ceip-serramarina-sta-coloma\/wp-json\/wp\/v2\/tags?post=2479"}],"curies":[{"name":"wp","href":"https:\/\/api.w.org\/{rel}","templated":true}]}}