{"id":2310,"date":"2019-01-09T19:22:53","date_gmt":"2019-01-09T18:22:53","guid":{"rendered":"http:\/\/agora.xtec.cat\/ceip-serramarina-sta-coloma\/?p=2310"},"modified":"2019-01-09T19:23:49","modified_gmt":"2019-01-09T18:23:49","slug":"taller-de-robotica","status":"publish","type":"post","link":"https:\/\/agora.xtec.cat\/ceip-serramarina-sta-coloma\/general\/taller-de-robotica\/","title":{"rendered":"TALLER DE ROB\u00d2TICA!"},"content":{"rendered":"<p><iframe loading=\"lazy\" width=\"871\" height=\"490\" src=\"https:\/\/www.youtube.com\/embed\/qw3pb1g7QmE\" frameborder=\"0\"><\/iframe><\/p>\n<p>El passat mes de desembre els nens i nenes de 1r vam dur a terme un taller de rob\u00f2tica mitjan\u00e7ant unes avelles, les beebot. Amb aquest taller vam practicar aspectes de programaci\u00f3 per\u00f2 tamb\u00e9 d&#8217;orientaci\u00f3 en l&#8217;espai i vam repassar els conceptes &#8220;dreta&#8221; i &#8220;esquerra&#8221;. <\/p>\n","protected":false},"excerpt":{"rendered":"<p>El passat mes de desembre els nens i nenes de 1r vam dur a terme un taller de rob\u00f2tica mitjan\u00e7ant unes avelles, les beebot. Amb aquest taller vam practicar aspectes de programaci\u00f3 per\u00f2 tamb\u00e9 d&#8217;orientaci\u00f3 en l&#8217;espai i vam repassar els conceptes &#8220;dreta&#8221; i &#8220;esquerra&#8221;.&hellip;  <a href=\"https:\/\/agora.xtec.cat\/ceip-serramarina-sta-coloma\/general\/taller-de-robotica\/\" title=\"Read TALLER DE ROB\u00d2TICA!\">Llegeix m\u00e9s\u00bb<\/a><\/p>\n","protected":false},"author":12,"featured_media":2311,"comment_status":"closed","ping_status":"closed","sticky":false,"template":"","format":"standard","meta":{"_bbp_topic_count":0,"_bbp_reply_count":0,"_bbp_total_topic_count":0,"_bbp_total_reply_count":0,"_bbp_voice_count":0,"_bbp_anonymous_reply_count":0,"_bbp_topic_count_hidden":0,"_bbp_reply_count_hidden":0,"_bbp_forum_subforum_count":0,"footnotes":""},"categories":[10,5,1,4],"tags":[],"class_list":["post-2310","post","type-post","status-publish","format-standard","has-post-thumbnail","hentry","category-1r","category-primaria","category-general","category-portada"],"post_mailing_queue_ids":[],"_links":{"self":[{"href":"https:\/\/agora.xtec.cat\/ceip-serramarina-sta-coloma\/wp-json\/wp\/v2\/posts\/2310","targetHints":{"allow":["GET"]}}],"collection":[{"href":"https:\/\/agora.xtec.cat\/ceip-serramarina-sta-coloma\/wp-json\/wp\/v2\/posts"}],"about":[{"href":"https:\/\/agora.xtec.cat\/ceip-serramarina-sta-coloma\/wp-json\/wp\/v2\/types\/post"}],"author":[{"embeddable":true,"href":"https:\/\/agora.xtec.cat\/ceip-serramarina-sta-coloma\/wp-json\/wp\/v2\/users\/12"}],"replies":[{"embeddable":true,"href":"https:\/\/agora.xtec.cat\/ceip-serramarina-sta-coloma\/wp-json\/wp\/v2\/comments?post=2310"}],"version-history":[{"count":1,"href":"https:\/\/agora.xtec.cat\/ceip-serramarina-sta-coloma\/wp-json\/wp\/v2\/posts\/2310\/revisions"}],"predecessor-version":[{"id":2312,"href":"https:\/\/agora.xtec.cat\/ceip-serramarina-sta-coloma\/wp-json\/wp\/v2\/posts\/2310\/revisions\/2312"}],"wp:featuredmedia":[{"embeddable":true,"href":"https:\/\/agora.xtec.cat\/ceip-serramarina-sta-coloma\/wp-json\/wp\/v2\/media\/2311"}],"wp:attachment":[{"href":"https:\/\/agora.xtec.cat\/ceip-serramarina-sta-coloma\/wp-json\/wp\/v2\/media?parent=2310"}],"wp:term":[{"taxonomy":"category","embeddable":true,"href":"https:\/\/agora.xtec.cat\/ceip-serramarina-sta-coloma\/wp-json\/wp\/v2\/categories?post=2310"},{"taxonomy":"post_tag","embeddable":true,"href":"https:\/\/agora.xtec.cat\/ceip-serramarina-sta-coloma\/wp-json\/wp\/v2\/tags?post=2310"}],"curies":[{"name":"wp","href":"https:\/\/api.w.org\/{rel}","templated":true}]}}