{"id":2268,"date":"2018-12-17T23:10:22","date_gmt":"2018-12-17T22:10:22","guid":{"rendered":"http:\/\/agora.xtec.cat\/ceip-serramarina-sta-coloma\/?p=2268"},"modified":"2018-12-17T23:10:22","modified_gmt":"2018-12-17T22:10:22","slug":"el-nombre-1-a-p3","status":"publish","type":"post","link":"https:\/\/agora.xtec.cat\/ceip-serramarina-sta-coloma\/infantil\/el-nombre-1-a-p3\/","title":{"rendered":"EL NOMBRE 1 A P3"},"content":{"rendered":"<p><iframe loading=\"lazy\" title=\"SRR 18-19 EI 024\" width=\"500\" height=\"375\" src=\"https:\/\/www.youtube.com\/embed\/ucRidYiV12U?feature=oembed\" frameborder=\"0\" allow=\"accelerometer; autoplay; clipboard-write; encrypted-media; gyroscope; picture-in-picture; web-share\" referrerpolicy=\"strict-origin-when-cross-origin\" allowfullscreen><\/iframe><\/p>\n<p>Aquest trimestre hem treballat el nombre 1, tant la noci\u00f3 de quantitat com el grafisme del nombre. \u00c9s important vivenciar el grafisme amb el cos per despr\u00e9s poder-lo repassar i escriure amb la m\u00e0. Aix\u00ed caminem per sobre del nombre 1 i fem passar els cotxes per la carretera que t\u00e9 forma d\u20191.<br \/>\nSeguirem treballant el grafisme dels nombres 2 i del 3 en els seg\u00fcents trimestres de la mateixa manera i us animen a fer-ho tamb\u00e9 a casa, al parc\u2026 jugant amb el nostre cos i amb diferents objectes i elements podem treballar el grafisme i la motricitat, nom\u00e9s cal una mica d\u2019imaginaci\u00f3!<\/p>\n","protected":false},"excerpt":{"rendered":"<p>Aquest trimestre hem treballat el nombre 1, tant la noci\u00f3 de quantitat com el grafisme del nombre. \u00c9s important vivenciar el grafisme amb el cos per despr\u00e9s poder-lo repassar i escriure amb la m\u00e0. Aix\u00ed caminem per sobre del nombre 1 i fem passar els&hellip;  <a href=\"https:\/\/agora.xtec.cat\/ceip-serramarina-sta-coloma\/infantil\/el-nombre-1-a-p3\/\" title=\"Read EL NOMBRE 1 A P3\">Llegeix m\u00e9s\u00bb<\/a><\/p>\n","protected":false},"author":9,"featured_media":2269,"comment_status":"closed","ping_status":"closed","sticky":false,"template":"","format":"standard","meta":{"_bbp_topic_count":0,"_bbp_reply_count":0,"_bbp_total_topic_count":0,"_bbp_total_reply_count":0,"_bbp_voice_count":0,"_bbp_anonymous_reply_count":0,"_bbp_topic_count_hidden":0,"_bbp_reply_count_hidden":0,"_bbp_forum_subforum_count":0,"footnotes":""},"categories":[85,2,3,4],"tags":[],"class_list":["post-2268","post","type-post","status-publish","format-standard","has-post-thumbnail","hentry","category-curs-2018-2019","category-infantil","category-p3","category-portada"],"post_mailing_queue_ids":[],"_links":{"self":[{"href":"https:\/\/agora.xtec.cat\/ceip-serramarina-sta-coloma\/wp-json\/wp\/v2\/posts\/2268","targetHints":{"allow":["GET"]}}],"collection":[{"href":"https:\/\/agora.xtec.cat\/ceip-serramarina-sta-coloma\/wp-json\/wp\/v2\/posts"}],"about":[{"href":"https:\/\/agora.xtec.cat\/ceip-serramarina-sta-coloma\/wp-json\/wp\/v2\/types\/post"}],"author":[{"embeddable":true,"href":"https:\/\/agora.xtec.cat\/ceip-serramarina-sta-coloma\/wp-json\/wp\/v2\/users\/9"}],"replies":[{"embeddable":true,"href":"https:\/\/agora.xtec.cat\/ceip-serramarina-sta-coloma\/wp-json\/wp\/v2\/comments?post=2268"}],"version-history":[{"count":1,"href":"https:\/\/agora.xtec.cat\/ceip-serramarina-sta-coloma\/wp-json\/wp\/v2\/posts\/2268\/revisions"}],"predecessor-version":[{"id":2270,"href":"https:\/\/agora.xtec.cat\/ceip-serramarina-sta-coloma\/wp-json\/wp\/v2\/posts\/2268\/revisions\/2270"}],"wp:featuredmedia":[{"embeddable":true,"href":"https:\/\/agora.xtec.cat\/ceip-serramarina-sta-coloma\/wp-json\/wp\/v2\/media\/2269"}],"wp:attachment":[{"href":"https:\/\/agora.xtec.cat\/ceip-serramarina-sta-coloma\/wp-json\/wp\/v2\/media?parent=2268"}],"wp:term":[{"taxonomy":"category","embeddable":true,"href":"https:\/\/agora.xtec.cat\/ceip-serramarina-sta-coloma\/wp-json\/wp\/v2\/categories?post=2268"},{"taxonomy":"post_tag","embeddable":true,"href":"https:\/\/agora.xtec.cat\/ceip-serramarina-sta-coloma\/wp-json\/wp\/v2\/tags?post=2268"}],"curies":[{"name":"wp","href":"https:\/\/api.w.org\/{rel}","templated":true}]}}