{"id":2265,"date":"2018-12-17T22:54:37","date_gmt":"2018-12-17T21:54:37","guid":{"rendered":"http:\/\/agora.xtec.cat\/ceip-serramarina-sta-coloma\/?p=2265"},"modified":"2018-12-17T22:54:37","modified_gmt":"2018-12-17T21:54:37","slug":"els-racons-de-llengua-de-p4a","status":"publish","type":"post","link":"https:\/\/agora.xtec.cat\/ceip-serramarina-sta-coloma\/infantil\/els-racons-de-llengua-de-p4a\/","title":{"rendered":"ELS RACONS DE LLENGUA  DE P4A"},"content":{"rendered":"<p><iframe loading=\"lazy\" title=\"SRR 18-19 EI 023\" width=\"500\" height=\"375\" src=\"https:\/\/www.youtube.com\/embed\/nlaceAM6VZc?feature=oembed\" frameborder=\"0\" allow=\"accelerometer; autoplay; clipboard-write; encrypted-media; gyroscope; picture-in-picture; web-share\" referrerpolicy=\"strict-origin-when-cross-origin\" allowfullscreen><\/iframe><\/p>\n<p>Cada divendres al mat\u00ed fem racons de llengua. Els alumnes escullen quin rac\u00f3 els ve m\u00e9s de gust fes, tenint en compte que al llarg de quatre setmanes han d\u2019haver passat pels quatre racons que es proposen.<br \/>\nDurant aquest primer trimestre al rac\u00f3 de relacionar hem estat relacionant el nom amb la foto dels nostres companys i companyes, i a la inversa. Al rac\u00f3 de confegir hem estat confegint el nostre nom i els dels companys i companyes amb model i sense model. Al rac\u00f3 de grafisme hem estat escrivint lliurement el nostre nom i el dels nostres companys\/es. I al rac\u00f3 d\u2019escriure hem estat escrivint lliurement paraules curtes, monos\u00edl\u00b7labs.<br \/>\nEns ho hem passat d\u2019all\u00f2 m\u00e9s b\u00e9 i hem apr\u00e9s un munt de coses!!<\/p>\n","protected":false},"excerpt":{"rendered":"<p>Cada divendres al mat\u00ed fem racons de llengua. Els alumnes escullen quin rac\u00f3 els ve m\u00e9s de gust fes, tenint en compte que al llarg de quatre setmanes han d\u2019haver passat pels quatre racons que es proposen.<br \/>\nDurant aquest primer trimestre al rac\u00f3 de relacionar hem&hellip;  <a href=\"https:\/\/agora.xtec.cat\/ceip-serramarina-sta-coloma\/infantil\/els-racons-de-llengua-de-p4a\/\" title=\"Read ELS RACONS DE LLENGUA  DE P4A\">Llegeix m\u00e9s\u00bb<\/a><\/p>\n","protected":false},"author":9,"featured_media":2266,"comment_status":"closed","ping_status":"closed","sticky":false,"template":"","format":"standard","meta":{"_bbp_topic_count":0,"_bbp_reply_count":0,"_bbp_total_topic_count":0,"_bbp_total_reply_count":0,"_bbp_voice_count":0,"_bbp_anonymous_reply_count":0,"_bbp_topic_count_hidden":0,"_bbp_reply_count_hidden":0,"_bbp_forum_subforum_count":0,"footnotes":""},"categories":[85,2,8,4],"tags":[],"class_list":["post-2265","post","type-post","status-publish","format-standard","has-post-thumbnail","hentry","category-curs-2018-2019","category-infantil","category-p4","category-portada"],"post_mailing_queue_ids":[],"_links":{"self":[{"href":"https:\/\/agora.xtec.cat\/ceip-serramarina-sta-coloma\/wp-json\/wp\/v2\/posts\/2265","targetHints":{"allow":["GET"]}}],"collection":[{"href":"https:\/\/agora.xtec.cat\/ceip-serramarina-sta-coloma\/wp-json\/wp\/v2\/posts"}],"about":[{"href":"https:\/\/agora.xtec.cat\/ceip-serramarina-sta-coloma\/wp-json\/wp\/v2\/types\/post"}],"author":[{"embeddable":true,"href":"https:\/\/agora.xtec.cat\/ceip-serramarina-sta-coloma\/wp-json\/wp\/v2\/users\/9"}],"replies":[{"embeddable":true,"href":"https:\/\/agora.xtec.cat\/ceip-serramarina-sta-coloma\/wp-json\/wp\/v2\/comments?post=2265"}],"version-history":[{"count":1,"href":"https:\/\/agora.xtec.cat\/ceip-serramarina-sta-coloma\/wp-json\/wp\/v2\/posts\/2265\/revisions"}],"predecessor-version":[{"id":2267,"href":"https:\/\/agora.xtec.cat\/ceip-serramarina-sta-coloma\/wp-json\/wp\/v2\/posts\/2265\/revisions\/2267"}],"wp:featuredmedia":[{"embeddable":true,"href":"https:\/\/agora.xtec.cat\/ceip-serramarina-sta-coloma\/wp-json\/wp\/v2\/media\/2266"}],"wp:attachment":[{"href":"https:\/\/agora.xtec.cat\/ceip-serramarina-sta-coloma\/wp-json\/wp\/v2\/media?parent=2265"}],"wp:term":[{"taxonomy":"category","embeddable":true,"href":"https:\/\/agora.xtec.cat\/ceip-serramarina-sta-coloma\/wp-json\/wp\/v2\/categories?post=2265"},{"taxonomy":"post_tag","embeddable":true,"href":"https:\/\/agora.xtec.cat\/ceip-serramarina-sta-coloma\/wp-json\/wp\/v2\/tags?post=2265"}],"curies":[{"name":"wp","href":"https:\/\/api.w.org\/{rel}","templated":true}]}}