{"id":2194,"date":"2018-12-04T20:31:06","date_gmt":"2018-12-04T19:31:06","guid":{"rendered":"http:\/\/agora.xtec.cat\/ceip-serramarina-sta-coloma\/?p=2194"},"modified":"2018-12-05T16:03:15","modified_gmt":"2018-12-05T15:03:15","slug":"descobrim-com-suren-els-vaixells","status":"publish","type":"post","link":"https:\/\/agora.xtec.cat\/ceip-serramarina-sta-coloma\/general\/descobrim-com-suren-els-vaixells\/","title":{"rendered":"DESCOBRIM COM SUREN ELS VAIXELLS"},"content":{"rendered":"<p><iframe loading=\"lazy\" width=\"560\" height=\"315\" src=\"https:\/\/www.youtube.com\/embed\/ggEsPEG7Qug\" frameborder=\"0\"><\/iframe><\/p>\n<p>Els nens i nenes de 1rB estem treballant els ferris i vol\u00edem saber com era possible que pesant tant poguessin surar. <\/p>\n<p>Vam fer un experiment amb plastilina i vam poder entendre-ho una mica millor. Vam descobrir que la plastilina s\u2019enfonsava  si la fic\u00e0vem en aigua amb forma de bola per\u00f2&#8230; si al mateix tros de plastilina li canviem la forma i li donem forma de vaixell aconseguim que suri. <\/p>\n<p>Va ser un descobriment s\u00faper interessant i ens va ajudar a entendre que, tot i que el material pesi el mateix en les dues formes, si fem que ocupi m\u00e9s espai perd densitat i podem aconseguir que floti. Vam comprovar tamb\u00e9 que el nostre buc de plastilina tenia un l\u00edmit de c\u00e0rrega, \u00e9s a dir, que si li fic\u00e0vem un clip a dins seguia surant per\u00f2 si li fic\u00e0vem molts clips o molta c\u00e0rrega&#8230; s\u2019enfonsava.<\/p>\n","protected":false},"excerpt":{"rendered":"<p>Els nens i nenes de 1rB estem treballant els ferris i vol\u00edem saber com era possible que pesant tant poguessin surar.<br \/>\nVam fer un experiment amb plastilina i vam poder entendre-ho una mica millor. Vam descobrir que la plastilina s\u2019enfonsava  si la fic\u00e0vem en&hellip;  <a href=\"https:\/\/agora.xtec.cat\/ceip-serramarina-sta-coloma\/general\/descobrim-com-suren-els-vaixells\/\" title=\"Read DESCOBRIM COM SUREN ELS VAIXELLS\">Llegeix m\u00e9s\u00bb<\/a><\/p>\n","protected":false},"author":12,"featured_media":2195,"comment_status":"closed","ping_status":"closed","sticky":false,"template":"","format":"standard","meta":{"_bbp_topic_count":0,"_bbp_reply_count":0,"_bbp_total_topic_count":0,"_bbp_total_reply_count":0,"_bbp_voice_count":0,"_bbp_anonymous_reply_count":0,"_bbp_topic_count_hidden":0,"_bbp_reply_count_hidden":0,"_bbp_forum_subforum_count":0,"footnotes":""},"categories":[10,23,85,5,1,4],"tags":[],"class_list":["post-2194","post","type-post","status-publish","format-standard","has-post-thumbnail","hentry","category-1r","category-a-classe","category-curs-2018-2019","category-primaria","category-general","category-portada"],"post_mailing_queue_ids":[],"_links":{"self":[{"href":"https:\/\/agora.xtec.cat\/ceip-serramarina-sta-coloma\/wp-json\/wp\/v2\/posts\/2194","targetHints":{"allow":["GET"]}}],"collection":[{"href":"https:\/\/agora.xtec.cat\/ceip-serramarina-sta-coloma\/wp-json\/wp\/v2\/posts"}],"about":[{"href":"https:\/\/agora.xtec.cat\/ceip-serramarina-sta-coloma\/wp-json\/wp\/v2\/types\/post"}],"author":[{"embeddable":true,"href":"https:\/\/agora.xtec.cat\/ceip-serramarina-sta-coloma\/wp-json\/wp\/v2\/users\/12"}],"replies":[{"embeddable":true,"href":"https:\/\/agora.xtec.cat\/ceip-serramarina-sta-coloma\/wp-json\/wp\/v2\/comments?post=2194"}],"version-history":[{"count":1,"href":"https:\/\/agora.xtec.cat\/ceip-serramarina-sta-coloma\/wp-json\/wp\/v2\/posts\/2194\/revisions"}],"predecessor-version":[{"id":2196,"href":"https:\/\/agora.xtec.cat\/ceip-serramarina-sta-coloma\/wp-json\/wp\/v2\/posts\/2194\/revisions\/2196"}],"wp:featuredmedia":[{"embeddable":true,"href":"https:\/\/agora.xtec.cat\/ceip-serramarina-sta-coloma\/wp-json\/wp\/v2\/media\/2195"}],"wp:attachment":[{"href":"https:\/\/agora.xtec.cat\/ceip-serramarina-sta-coloma\/wp-json\/wp\/v2\/media?parent=2194"}],"wp:term":[{"taxonomy":"category","embeddable":true,"href":"https:\/\/agora.xtec.cat\/ceip-serramarina-sta-coloma\/wp-json\/wp\/v2\/categories?post=2194"},{"taxonomy":"post_tag","embeddable":true,"href":"https:\/\/agora.xtec.cat\/ceip-serramarina-sta-coloma\/wp-json\/wp\/v2\/tags?post=2194"}],"curies":[{"name":"wp","href":"https:\/\/api.w.org\/{rel}","templated":true}]}}