{"id":2170,"date":"2018-12-04T09:24:05","date_gmt":"2018-12-04T08:24:05","guid":{"rendered":"http:\/\/agora.xtec.cat\/ceip-serramarina-sta-coloma\/?p=2170"},"modified":"2018-12-04T09:24:05","modified_gmt":"2018-12-04T08:24:05","slug":"a-fruit-smoothie","status":"publish","type":"post","link":"https:\/\/agora.xtec.cat\/ceip-serramarina-sta-coloma\/portada\/a-fruit-smoothie\/","title":{"rendered":"A FRUIT SMOOTHIE"},"content":{"rendered":"<p><iframe loading=\"lazy\" title=\"SRR 18-19 AN 008\" width=\"500\" height=\"281\" src=\"https:\/\/www.youtube.com\/embed\/DH_FQiuXU2Y?feature=oembed\" frameborder=\"0\" allow=\"accelerometer; autoplay; clipboard-write; encrypted-media; gyroscope; picture-in-picture; web-share\" referrerpolicy=\"strict-origin-when-cross-origin\" allowfullscreen><\/iframe><\/p>\n<p>A FRUIT SMOOTHIE 5\u00e8<br \/>\nAquest trimestre hem treballat \u201cHealthy Food\u201d (alimentaci\u00f3 saludable) fent conscients als nens i nenes de 5\u00e8 de la import\u00e0ncia d\u2019una dieta mediterr\u00e0nia on predomina el consum de fruites i verdures.<br \/>\nAmb el treball \u201c5 a Day\u201d conscienciem als nostres alumnes sobre el consum diari d\u2019aquests aliments.<br \/>\nUna activitat ha estat la preparaci\u00f3 d\u2019un \u201cSmoothie- Batut\u201d. Aqu\u00ed podeu observar una recepta divertida.<br \/>\nTHE SMOOTHY IS READY<br \/>\nENJOY WITH LUCAS!!!<\/p>\n","protected":false},"excerpt":{"rendered":"<p>A FRUIT SMOOTHIE 5\u00e8<br \/>\nAquest trimestre hem treballat \u201cHealthy Food\u201d (alimentaci\u00f3 saludable) fent conscients als nens i nenes de 5\u00e8 de la import\u00e0ncia d\u2019una dieta mediterr\u00e0nia on predomina el consum de fruites i verdures.<br \/>\nAmb el treball \u201c5 a Day\u201d conscienciem als nostres alumnes sobre el consum&hellip;  <a href=\"https:\/\/agora.xtec.cat\/ceip-serramarina-sta-coloma\/portada\/a-fruit-smoothie\/\" title=\"Read A FRUIT SMOOTHIE\">Llegeix m\u00e9s\u00bb<\/a><\/p>\n","protected":false},"author":11,"featured_media":2171,"comment_status":"closed","ping_status":"closed","sticky":false,"template":"","format":"standard","meta":{"_bbp_topic_count":0,"_bbp_reply_count":0,"_bbp_total_topic_count":0,"_bbp_total_reply_count":0,"_bbp_voice_count":0,"_bbp_anonymous_reply_count":0,"_bbp_topic_count_hidden":0,"_bbp_reply_count_hidden":0,"_bbp_forum_subforum_count":0,"footnotes":""},"categories":[14,46,85,5,45,4],"tags":[],"class_list":["post-2170","post","type-post","status-publish","format-standard","has-post-thumbnail","hentry","category-5e","category-angles","category-curs-2018-2019","category-primaria","category-especialitats","category-portada"],"post_mailing_queue_ids":[],"_links":{"self":[{"href":"https:\/\/agora.xtec.cat\/ceip-serramarina-sta-coloma\/wp-json\/wp\/v2\/posts\/2170","targetHints":{"allow":["GET"]}}],"collection":[{"href":"https:\/\/agora.xtec.cat\/ceip-serramarina-sta-coloma\/wp-json\/wp\/v2\/posts"}],"about":[{"href":"https:\/\/agora.xtec.cat\/ceip-serramarina-sta-coloma\/wp-json\/wp\/v2\/types\/post"}],"author":[{"embeddable":true,"href":"https:\/\/agora.xtec.cat\/ceip-serramarina-sta-coloma\/wp-json\/wp\/v2\/users\/11"}],"replies":[{"embeddable":true,"href":"https:\/\/agora.xtec.cat\/ceip-serramarina-sta-coloma\/wp-json\/wp\/v2\/comments?post=2170"}],"version-history":[{"count":1,"href":"https:\/\/agora.xtec.cat\/ceip-serramarina-sta-coloma\/wp-json\/wp\/v2\/posts\/2170\/revisions"}],"predecessor-version":[{"id":2172,"href":"https:\/\/agora.xtec.cat\/ceip-serramarina-sta-coloma\/wp-json\/wp\/v2\/posts\/2170\/revisions\/2172"}],"wp:featuredmedia":[{"embeddable":true,"href":"https:\/\/agora.xtec.cat\/ceip-serramarina-sta-coloma\/wp-json\/wp\/v2\/media\/2171"}],"wp:attachment":[{"href":"https:\/\/agora.xtec.cat\/ceip-serramarina-sta-coloma\/wp-json\/wp\/v2\/media?parent=2170"}],"wp:term":[{"taxonomy":"category","embeddable":true,"href":"https:\/\/agora.xtec.cat\/ceip-serramarina-sta-coloma\/wp-json\/wp\/v2\/categories?post=2170"},{"taxonomy":"post_tag","embeddable":true,"href":"https:\/\/agora.xtec.cat\/ceip-serramarina-sta-coloma\/wp-json\/wp\/v2\/tags?post=2170"}],"curies":[{"name":"wp","href":"https:\/\/api.w.org\/{rel}","templated":true}]}}