{"id":1950,"date":"2018-10-09T18:59:38","date_gmt":"2018-10-09T16:59:38","guid":{"rendered":"http:\/\/agora.xtec.cat\/ceip-serramarina-sta-coloma\/?p=1950"},"modified":"2018-10-09T18:59:38","modified_gmt":"2018-10-09T16:59:38","slug":"condicio-fisica","status":"publish","type":"post","link":"https:\/\/agora.xtec.cat\/ceip-serramarina-sta-coloma\/portada\/condicio-fisica\/","title":{"rendered":"CONDICI\u00d3 F\u00cdSICA"},"content":{"rendered":"<p><iframe loading=\"lazy\" title=\"SRR 18-19 EF 001\" width=\"500\" height=\"281\" src=\"https:\/\/www.youtube.com\/embed\/WPCfg8NydxM?feature=oembed\" frameborder=\"0\" allow=\"accelerometer; autoplay; clipboard-write; encrypted-media; gyroscope; picture-in-picture; web-share\" referrerpolicy=\"strict-origin-when-cross-origin\" allowfullscreen><\/iframe><\/p>\n<p>CONDICI\u00d3 F\u00cdSICA<br \/>\nEn aquesta tornada despr\u00e8s de les vacances els alumnes de 5\u00e8 est\u00e1n aprenent tot el que va relacionat amb la condici\u00f3 f\u00edsica. Quines s\u00f3n les capacitats f\u00edsiques i con\u00e8ixer que passa en el seu cos quan estan fent una activitat f\u00edsica.<br \/>\nPer comen\u00e7ar hem apr\u00e8s que \u00e9s el pols i on el podem trobar.Hem contat quines s\u00f3n les nostres pulsacions quan estem en rep\u00f2s i despr\u00e8s de fer una activitat f\u00edsica. Hem tornat a mesurar el pols i hem vist els canvis que ha sofert. Ho voleu saber? Si pregunteu als nens i nenes de 5\u00e8 segur que us ho poden explicar.<\/p>\n","protected":false},"excerpt":{"rendered":"<p>CONDICI\u00d3 F\u00cdSICA<br \/>\nEn aquesta tornada despr\u00e8s de les vacances els alumnes de 5\u00e8 est\u00e1n aprenent tot el que va relacionat amb la condici\u00f3 f\u00edsica. Quines s\u00f3n les capacitats f\u00edsiques i con\u00e8ixer que passa en el seu cos quan estan fent una activitat f\u00edsica.<br \/>\nPer comen\u00e7ar hem apr\u00e8s&hellip;  <a href=\"https:\/\/agora.xtec.cat\/ceip-serramarina-sta-coloma\/portada\/condicio-fisica\/\" title=\"Read CONDICI\u00d3 F\u00cdSICA\">Llegeix m\u00e9s\u00bb<\/a><\/p>\n","protected":false},"author":11,"featured_media":1951,"comment_status":"closed","ping_status":"closed","sticky":false,"template":"","format":"standard","meta":{"_bbp_topic_count":0,"_bbp_reply_count":0,"_bbp_total_topic_count":0,"_bbp_total_reply_count":0,"_bbp_voice_count":0,"_bbp_anonymous_reply_count":0,"_bbp_topic_count_hidden":0,"_bbp_reply_count_hidden":0,"_bbp_forum_subforum_count":0,"footnotes":""},"categories":[85,47,5,45,4],"tags":[],"class_list":["post-1950","post","type-post","status-publish","format-standard","has-post-thumbnail","hentry","category-curs-2018-2019","category-educacio-fisica","category-primaria","category-especialitats","category-portada"],"post_mailing_queue_ids":[],"_links":{"self":[{"href":"https:\/\/agora.xtec.cat\/ceip-serramarina-sta-coloma\/wp-json\/wp\/v2\/posts\/1950","targetHints":{"allow":["GET"]}}],"collection":[{"href":"https:\/\/agora.xtec.cat\/ceip-serramarina-sta-coloma\/wp-json\/wp\/v2\/posts"}],"about":[{"href":"https:\/\/agora.xtec.cat\/ceip-serramarina-sta-coloma\/wp-json\/wp\/v2\/types\/post"}],"author":[{"embeddable":true,"href":"https:\/\/agora.xtec.cat\/ceip-serramarina-sta-coloma\/wp-json\/wp\/v2\/users\/11"}],"replies":[{"embeddable":true,"href":"https:\/\/agora.xtec.cat\/ceip-serramarina-sta-coloma\/wp-json\/wp\/v2\/comments?post=1950"}],"version-history":[{"count":1,"href":"https:\/\/agora.xtec.cat\/ceip-serramarina-sta-coloma\/wp-json\/wp\/v2\/posts\/1950\/revisions"}],"predecessor-version":[{"id":1952,"href":"https:\/\/agora.xtec.cat\/ceip-serramarina-sta-coloma\/wp-json\/wp\/v2\/posts\/1950\/revisions\/1952"}],"wp:featuredmedia":[{"embeddable":true,"href":"https:\/\/agora.xtec.cat\/ceip-serramarina-sta-coloma\/wp-json\/wp\/v2\/media\/1951"}],"wp:attachment":[{"href":"https:\/\/agora.xtec.cat\/ceip-serramarina-sta-coloma\/wp-json\/wp\/v2\/media?parent=1950"}],"wp:term":[{"taxonomy":"category","embeddable":true,"href":"https:\/\/agora.xtec.cat\/ceip-serramarina-sta-coloma\/wp-json\/wp\/v2\/categories?post=1950"},{"taxonomy":"post_tag","embeddable":true,"href":"https:\/\/agora.xtec.cat\/ceip-serramarina-sta-coloma\/wp-json\/wp\/v2\/tags?post=1950"}],"curies":[{"name":"wp","href":"https:\/\/api.w.org\/{rel}","templated":true}]}}