{"id":1935,"date":"2018-10-08T20:47:30","date_gmt":"2018-10-08T18:47:30","guid":{"rendered":"http:\/\/agora.xtec.cat\/ceip-serramarina-sta-coloma\/?p=1935"},"modified":"2018-10-09T08:49:15","modified_gmt":"2018-10-09T06:49:15","slug":"som-la-classe-dels-crancs","status":"publish","type":"post","link":"https:\/\/agora.xtec.cat\/ceip-serramarina-sta-coloma\/portada\/som-la-classe-dels-crancs\/","title":{"rendered":"SOM LA CLASSE DELS CRANCS!"},"content":{"rendered":"<p>Hem tornat de les vacances d\u2019estiu amb les piles carregades per comen\u00e7ar el nou curs!<\/p>\n<p>Despr\u00e9s de presentar-nos i con\u00e8ixer als nous tutors, l\u2019Enric i el Jos\u00e9 Luis, vam triar el nom de la<br \/>\nnostra classe. Tamb\u00e9 hem comen\u00e7at a decorar la nostra aula. A la porta principal hem<br \/>\nenganxat un dibuix de nosaltres mateixos amb el nostre nom i tamb\u00e9 hem fet uns crancs amb<br \/>\nun dibuix i el nostre nom.<br \/>\nI per qu\u00e8 hem fet aquests crancs? Doncs perqu\u00e8 les classes de primer i segon hem decidit<br \/>\ntreballar a partir del projecte \u201cEl Mar Mediterrani\u201d i nosaltres ens centrarem en els animals<br \/>\nmarins, per\u00f2 nom\u00e9s aquells que no s\u00f3n peixos! Aix\u00ed doncs, quan vam parlar del tema, van<br \/>\nsortir diferents propostes per decidir el nom de la nostra classe com el cavallet de mar, les<br \/>\nmeduses&#8230; i, finalment, vam decidir mitjan\u00e7ant una votaci\u00f3 que ser\u00edem la classe dels Crancs.<br \/>\nEns convertirem en experts sobre el mar Mediterrani, la seva flora i la seva fauna aix\u00ed com<br \/>\nalgunes dades curioses. Ara estem comen\u00e7ant a investigar sobre el tema i sabem que per aix\u00f2<br \/>\nnecessitem treballar molt.<br \/>\nCompartirem la nostra experi\u00e8ncia i les nostres investigacions amb els nostres companys de 2n<br \/>\nA que, per cert, s\u00f3n els dofins!<\/p>\n<p>Seguirem informant sobre el nostre progr\u00e9s!<\/p>\n<p><iframe loading=\"lazy\" title=\"SRR 18-19 CI 004\" width=\"500\" height=\"375\" src=\"https:\/\/www.youtube.com\/embed\/iTGbK_CW8Rk?feature=oembed\" frameborder=\"0\" allow=\"accelerometer; autoplay; clipboard-write; encrypted-media; gyroscope; picture-in-picture; web-share\" referrerpolicy=\"strict-origin-when-cross-origin\" allowfullscreen><\/iframe><\/p>\n","protected":false},"excerpt":{"rendered":"<p>Hem tornat de les vacances d\u2019estiu amb les piles carregades per comen\u00e7ar el nou curs!<br \/>\nDespr\u00e9s de presentar-nos i con\u00e8ixer als nous tutors, l\u2019Enric i el Jos\u00e9 Luis, vam triar el nom de la<br \/>\nnostra classe. Tamb\u00e9 hem comen\u00e7at a decorar la nostra aula. A la porta&hellip;  <a href=\"https:\/\/agora.xtec.cat\/ceip-serramarina-sta-coloma\/portada\/som-la-classe-dels-crancs\/\" title=\"Read SOM LA CLASSE DELS CRANCS!\">Llegeix m\u00e9s\u00bb<\/a><\/p>\n","protected":false},"author":12,"featured_media":1938,"comment_status":"closed","ping_status":"closed","sticky":false,"template":"","format":"standard","meta":{"_bbp_topic_count":0,"_bbp_reply_count":0,"_bbp_total_topic_count":0,"_bbp_total_reply_count":0,"_bbp_voice_count":0,"_bbp_anonymous_reply_count":0,"_bbp_topic_count_hidden":0,"_bbp_reply_count_hidden":0,"_bbp_forum_subforum_count":0,"footnotes":""},"categories":[11,85,4],"tags":[],"class_list":["post-1935","post","type-post","status-publish","format-standard","has-post-thumbnail","hentry","category-2n","category-curs-2018-2019","category-portada"],"post_mailing_queue_ids":[],"_links":{"self":[{"href":"https:\/\/agora.xtec.cat\/ceip-serramarina-sta-coloma\/wp-json\/wp\/v2\/posts\/1935","targetHints":{"allow":["GET"]}}],"collection":[{"href":"https:\/\/agora.xtec.cat\/ceip-serramarina-sta-coloma\/wp-json\/wp\/v2\/posts"}],"about":[{"href":"https:\/\/agora.xtec.cat\/ceip-serramarina-sta-coloma\/wp-json\/wp\/v2\/types\/post"}],"author":[{"embeddable":true,"href":"https:\/\/agora.xtec.cat\/ceip-serramarina-sta-coloma\/wp-json\/wp\/v2\/users\/12"}],"replies":[{"embeddable":true,"href":"https:\/\/agora.xtec.cat\/ceip-serramarina-sta-coloma\/wp-json\/wp\/v2\/comments?post=1935"}],"version-history":[{"count":3,"href":"https:\/\/agora.xtec.cat\/ceip-serramarina-sta-coloma\/wp-json\/wp\/v2\/posts\/1935\/revisions"}],"predecessor-version":[{"id":1942,"href":"https:\/\/agora.xtec.cat\/ceip-serramarina-sta-coloma\/wp-json\/wp\/v2\/posts\/1935\/revisions\/1942"}],"wp:featuredmedia":[{"embeddable":true,"href":"https:\/\/agora.xtec.cat\/ceip-serramarina-sta-coloma\/wp-json\/wp\/v2\/media\/1938"}],"wp:attachment":[{"href":"https:\/\/agora.xtec.cat\/ceip-serramarina-sta-coloma\/wp-json\/wp\/v2\/media?parent=1935"}],"wp:term":[{"taxonomy":"category","embeddable":true,"href":"https:\/\/agora.xtec.cat\/ceip-serramarina-sta-coloma\/wp-json\/wp\/v2\/categories?post=1935"},{"taxonomy":"post_tag","embeddable":true,"href":"https:\/\/agora.xtec.cat\/ceip-serramarina-sta-coloma\/wp-json\/wp\/v2\/tags?post=1935"}],"curies":[{"name":"wp","href":"https:\/\/api.w.org\/{rel}","templated":true}]}}