{"id":1791,"date":"2018-06-09T19:34:32","date_gmt":"2018-06-09T17:34:32","guid":{"rendered":"http:\/\/agora.xtec.cat\/ceip-serramarina-sta-coloma\/?p=1791"},"modified":"2018-09-07T20:59:48","modified_gmt":"2018-09-07T18:59:48","slug":"informacions-i-acords-del-consell-escolar","status":"publish","type":"post","link":"https:\/\/agora.xtec.cat\/ceip-serramarina-sta-coloma\/informacions\/informacions-i-acords-del-consell-escolar\/","title":{"rendered":"INFORMACIONS I ACORDS DEL CONSELL ESCOLAR"},"content":{"rendered":"<p>Benvolgudes fam\u00edlies,<\/p>\n<p>&nbsp;<\/p>\n<p>El dimarts 22 de juny es va celebrar la <strong>tercera sessi\u00f3 del Consell Escolar<\/strong> d\u2019aquest curs 17\/18. A continuaci\u00f3 us notifiquem algunes <strong>informacions<\/strong> donades que s\u00f3n del vostre inter\u00e8s i els <strong>acords<\/strong> presos en aquesta sessi\u00f3:<\/p>\n<p>&nbsp;<\/p>\n<p><strong><u>Informacions<\/u><\/strong>:<\/p>\n<p>&nbsp;<\/p>\n<ul>\n<li>S\u2019informa de la <strong>plantilla assignada pel curs 18_19<\/strong>:<\/li>\n<\/ul>\n<table>\n<tbody>\n<tr>\n<td width=\"432\">Tipus de Vacant<\/td>\n<td width=\"229\">N\u00famero de Vacants<\/td>\n<\/tr>\n<tr>\n<td width=\"432\">Mestres d\u2019educaci\u00f3 especial (EES)<\/td>\n<td width=\"229\">2<\/td>\n<\/tr>\n<tr>\n<td width=\"432\">Mestres d\u2019educaci\u00f3 Infantil (INF)<\/td>\n<td width=\"229\">7<\/td>\n<\/tr>\n<tr>\n<td width=\"432\">Mestres de llengua estrangera (PAN)<\/td>\n<td width=\"229\">2<\/td>\n<\/tr>\n<tr>\n<td width=\"432\">Mestres d\u2019educaci\u00f3 prim\u00e0ria (PRI)<\/td>\n<td width=\"229\">11<\/td>\n<\/tr>\n<tr>\n<td width=\"432\">Pla\u00e7a estructural angl\u00e8s (PRI+IAN)<\/td>\n<td width=\"229\">1<\/td>\n<\/tr>\n<tr>\n<td width=\"432\">Pla\u00e7a estructural projectes (PRI+EGI)<\/td>\n<td width=\"229\">2<\/td>\n<\/tr>\n<tr>\n<td width=\"432\">Mestres d\u2019educaci\u00f3 f\u00edsica (PEF)<\/td>\n<td width=\"229\">2<\/td>\n<\/tr>\n<tr>\n<td width=\"432\">Mestres de m\u00fasica (PMU)<\/td>\n<td width=\"229\">1\u20195<\/td>\n<\/tr>\n<tr>\n<td width=\"432\">Aula d\u2019acollida (AAP)<\/td>\n<td width=\"229\">0,5<\/td>\n<\/tr>\n<tr>\n<td width=\"432\">SIEI (UEE)<\/td>\n<td width=\"229\">1&#8217;5<\/td>\n<\/tr>\n<tr>\n<td width=\"432\">Religi\u00f3 Cat\u00f2lica (REL)<\/td>\n<td width=\"229\">0&#8217;375<\/td>\n<\/tr>\n<tr>\n<td width=\"432\">T\u00e8cnica d\u2019educaci\u00f3 infantil (TEI)<\/td>\n<td width=\"229\">1<\/td>\n<\/tr>\n<tr>\n<td width=\"432\">Educadora d\u2019educaci\u00f3 especial (EEE)<\/td>\n<td width=\"229\">1<\/td>\n<\/tr>\n<\/tbody>\n<\/table>\n<p>&nbsp;<\/p>\n<ul>\n<li>S\u2019informa que el curs que ve es demanaran dues <strong>vacants espec\u00edfiques en relaci\u00f3 al Projecte Educatiu de Centre<\/strong>, amb perfil de metodologies d\u2019enfocament globalitzat per impartir doc\u00e8ncia amb metodologies globalitzades i treball per projectes, per coordinar la posada en funcionament dels ambients a infantil, per assessorar en la posada en funcionament del treball per projectes a medi a l\u2019Educaci\u00f3 Prim\u00e0ria i per col\u00b7laborar en el disseny, revisi\u00f3 i avaluaci\u00f3 del treball per projectes.<\/li>\n<\/ul>\n<p>&nbsp;<\/p>\n<ul>\n<li>S\u2019informa de les <strong>actuacions que s\u2019han fet dins del projecte d\u2019innovaci\u00f3 ILEC<\/strong> (Pla d\u2019impuls de la lectura):\n<ul>\n<li>Renovaci\u00f3 de la biblioteca escolar:<\/li>\n<li>Inventari de llibres.<\/li>\n<li>Renovaci\u00f3 del mobiliari de la biblioteca i adaptaci\u00f3 del mobiliari existent.<\/li>\n<li>L\u2019Ajuntament mitjan\u00e7ant els plans ocupacionals ha pintat la biblioteca del centre, les parets on es van col\u00b7locar les pissarres digitals noves (aules d\u2019infantil i cicle inicial), la paret final del passad\u00eds de les plantes de l\u2019edifici gran, el despatx de direcci\u00f3, la copisteria i el vest\u00edbul de secretaria-direcci\u00f3.<\/li>\n<li>El pla ocupacional de l\u2019Ajuntament tamb\u00e9 ha renovat algunes de les papereres del pati i de l\u2019edifici gran.<\/li>\n<li>S\u2019ha demanat el pressupost per canviar el terra de la biblioteca i en principi, si el pressupost no \u00e9s excessiu, abans del 30 de maig ens posaran el terra nou.<\/li>\n<li>Abans del 30 de juny tots els mobles de la biblioteca i dels racons \/ replans de lectura quedaran muntats per poder fer \u00fas d\u2019aquests espais al setembre.<\/li>\n<li>Creaci\u00f3 dels racons de lectura a totes les aules (INF i CI)<\/li>\n<li>Creaci\u00f3 de replans de lectura (CM i CS).<\/li>\n<li>Dins l\u2019horari lectiu del curs que ve, tots el cursos tindran 30\u2019 de lectura diaris. Aquest curs nom\u00e9s el tenien establert 4t, 5\u00e8 i 6\u00e8.<\/li>\n<li>Dins del curs l\u2019ILEC s\u2019ha programat pel curs vinent els 30\u2019 de lectura de tots els cursos amb diferents activitats.<\/li>\n<\/ul>\n<\/li>\n<\/ul>\n<p>&nbsp;<\/p>\n<ul>\n<li>S\u2019informa que actualment al <strong>menjador <\/strong>tenim un monitor per grup. El curs que ve es mantindr\u00e0 aquesta proporci\u00f3. S\u2019informa tamb\u00e9 que les cortines que ha col\u00b7locat l\u2019empresa de menjador en el menjador dels m\u00e9s petits ha fet que aquest espai tingui una temperatura m\u00e9s adient.<\/li>\n<\/ul>\n<p>&nbsp;<\/p>\n<ul>\n<li>S\u2019informa dels tres torns d\u2019actuacions que es faran al <strong>concert-musical del Teatre Sagarra<\/strong> el dimecres 13 de juny:<\/li>\n<\/ul>\n<p><u>\u00a0<\/u><\/p>\n<ul>\n<li><u>1r torn 9.30h: Educaci\u00f3 infantil<\/u>. Les fam\u00edlies porten els alumnes directament al teatre a les 9h. Els alumnes que fan \u00fas del servei d\u2019acollida matinal seran acompanyats per les mestres al teatre.<\/li>\n<li><u>2n torn 11.30h: Grups B de prim\u00e0ria + 5\u00e8C<\/u>. Les fam\u00edlies podran recollir els seus fills a la sortida del teatre. Els alumnes que fa \u00fas del menjador, seran acompanyats pels mestres fins a l\u2019escola.<\/li>\n<li><u>3r torn 15.30h: Grups A de prim\u00e0ria<\/u> Les fam\u00edlies porten els alumnes directament al teatre a les 15h. Els alumnes que fan \u00fas del servei de menjador seran acompanyats pels mestres fins al teatre. Les fam\u00edlies recolliran els seus fills a la sortida del teatre quan acabi la sessi\u00f3.<\/li>\n<\/ul>\n<p>&nbsp;<\/p>\n<ul>\n<li>S\u2019informa de que la <strong>ra\u00f3 per la que s\u2019ha decidit que els grups B de prim\u00e0ria ho facin en el torn de mat\u00ed<\/strong> \u00e9s per poder atendre a la fam\u00edlia que necessita int\u00e8rpret de llengua de signes ajustant al m\u00ednim possible la despesa d\u2019aquest servei (m\u00ednim n\u00famero d\u2019hores de servei) ja que s\u00f3n dues germanes, una a un grup A d\u2019infantil i l\u2019altra a un grup B de prim\u00e0ria.<\/li>\n<\/ul>\n<p>&nbsp;<\/p>\n<p>Aquesta <strong>separaci\u00f3 dels grups de prim\u00e0ria en grups A i B<\/strong> ha generat una mica de controv\u00e8rsia en algunes fam\u00edlies. El motiu que s\u2019ha donat des de direcci\u00f3 \u00e9s que per aforament del teatre hav\u00edem de fer tres torns d\u2019actuacions com els \u00faltims anys i aquest curs s\u2019ha decidit fer-ho d\u2019aquesta manera per permetre que els alumnes tinguin una visi\u00f3 global de l\u2019actuaci\u00f3, grans i petits veuen totes les actuacions, i per oferir una actuaci\u00f3 m\u00e9s personal a cada classe, on cada grup pot mostrar millor les seves habilitats. A m\u00e9s, s\u2019ha variat l\u2019ordre de les actuacions, els alumnes no surten a actuar per ordre de classes, sin\u00f3 que l\u2019ordre ve marcat pel desenvolupament de les diferents escenes i de les diferents can\u00e7ons, aix\u00ed tamb\u00e9 s\u2019intenta evitar que moltes fam\u00edlies marxin un cop ha actuat el seu fill\/a i les fam\u00edlies tamb\u00e9 tenen una visi\u00f3 m\u00e9s globalitzada de tot el treball realitzat.<\/p>\n<p>&nbsp;<\/p>\n<ul>\n<li>La Paqui (mare membre del Consell Escolar) fa la <strong>proposta<\/strong>, de cara al curs vinent, de donar entrades numerades i rotatives de manera que les fam\u00edlies de P5 i sis\u00e8 (que s\u00f3n els cursos que es graduen) tinguin prioritat en ocupar les primers fileres del teatre. Es valorar\u00e0 la viabilitat d\u2019aquesta proposta al Claustre de mestres.<\/li>\n<\/ul>\n<p>&nbsp;<\/p>\n<ul>\n<li>S\u2019informa que aquest any hem omplert la <strong>preinscripci\u00f3<\/strong> de P3 amb 56 sol\u00b7licituds, amb una oferta de 50 vacants. 12 fam\u00edlies van haver d\u2019anar a la fase de sorteig i 6 fam\u00edlies s\u2019han quedat fora en llista d\u2019espera. Hem tingut tamb\u00e9 15 sol\u00b7licituds per altres cursos.<\/li>\n<\/ul>\n<p>&nbsp;<\/p>\n<ul>\n<li>S\u2019informa que pel <strong>concurs de la direcci\u00f3 del centre<\/strong> va haver un \u00fanic candidat: l\u2019Enric Bosch Novella i que ha estat seleccionat pel mandat de 4 cursos (2018-2022).<\/li>\n<\/ul>\n<p>&nbsp;<\/p>\n<ul>\n<li>La Carol (mare representant de l\u2019AMPA) informa que <strong>l\u2019AMPA ajudar\u00e0<\/strong> el curs que ve als alumnes que no poden pagar les sortides (sempre i quan siguin necessitats reals).<\/li>\n<\/ul>\n<p>&nbsp;<\/p>\n<ul>\n<li>Es <strong>proposa<\/strong> que el curs que ve les fam\u00edlies paguin <strong>una quota \u00fanica de sortides i tallers<\/strong>. L\u2019equip directiu estudiar\u00e0 la viabilitat d\u2019aquesta proposta.<\/li>\n<\/ul>\n<p>&nbsp;<\/p>\n<ul>\n<li>S\u2019informa que la <strong>reuni\u00f3 amb els pares delegats<\/strong> de classe s\u2019ha anat posposant per manca de temps. L\u2019Equip Directiu es compromet a fer aquesta reuni\u00f3 abans de que acabi el curs.<\/li>\n<\/ul>\n<p>&nbsp;<\/p>\n<ul>\n<li>La Felisa (representant de l\u2019ajuntament), en relaci\u00f3 a les <strong>obres previstes del pati<\/strong> de l\u2019escola, informa que hi ha hagut un canvi en la llei de contractaci\u00f3 que far\u00e0 que tot vagi m\u00e9s lent, per\u00f2 la intenci\u00f3 \u00e9s que el pati es renovi aquest estiu, per aix\u00f2 no hi ha casal d\u2019estiu a l\u2019escola. El tema del tendal (per tenir ombra al pati) queda pendent per m\u00e9s endavant.<\/li>\n<\/ul>\n<p>&nbsp;<\/p>\n<ul>\n<li>S\u2019informa que l\u2019escola ha decidit <strong>no fer una macro festa per celebrar el 25\u00e8 aniversari<\/strong> de l\u2019escola perqu\u00e8 ha preferit invertir els diners en la renovaci\u00f3 de la biblioteca i en dotar totes les aules de pissarres digitals. Tota l\u2019escola est\u00e0 preparant la gravaci\u00f3 d\u2019un Lip dub que quedar\u00e0 com a rec\u00f2rd del 25\u00e8 aniversari.<\/li>\n<\/ul>\n<p>&nbsp;<\/p>\n<p><strong><u>Acords<\/u><\/strong>:<\/p>\n<p>&nbsp;<\/p>\n<ol>\n<li>A partir d\u2019aquest curs volem actualitzar i renovar algunes de les normes del centre per evitar problemes. La renovaci\u00f3 d\u2019aquestes normes sempre es far\u00e0 amb el consentiment i vist i plau de l\u2019Equip Directiu i del Consell Escolar. La <strong>norma que es presenta i s\u2019aprova al Consell Escolar<\/strong> \u00e9s la seg\u00fcent:<\/li>\n<\/ol>\n<h6><em><u>Acord activitats complement\u00e0ries (a aplicar a partir del curs 18-19) <\/u><\/em><\/h6>\n<p><strong><em><u>\u00a0<\/u><\/em><\/strong><\/p>\n<p><em>L\u2019Equip Directiu i el Consell Escolar acorden que, a partir del curs que ve (18-19), per poder portar a terme la realitzaci\u00f3 de les activitats complement\u00e0ries, s\u2019hauran de complir els seg\u00fcents requisits:<\/em><\/p>\n<ul>\n<li><em><u>Tallers<\/u><\/em><em>: assist\u00e8ncia m\u00ednima d\u2019un 50% de l\u2019alumnat (13 alumnes per aula).<\/em><\/li>\n<li><em><u>Sortides i col\u00f2nies<\/u><\/em><em>: assist\u00e8ncia m\u00ednima d\u2019un 60% de l\u2019alumnat (15 alumnes per aula).<\/em><\/li>\n<li><em><u>Activitats l\u00fadiques i\/o esportives fora de l\u2019horari lectiu<\/u><\/em><em>: assist\u00e8ncia m\u00ednima d\u2019un 20% de l\u2019alumnat (90-95 alumnes de l\u2019escola).<\/em><\/li>\n<\/ul>\n<p><em>\u00a0<\/em><\/p>\n<p><em>En cas de que l\u2019activitat no compleixi aquests requisits, ser\u00e0 la direcci\u00f3 del centre qui valorar\u00e0 si es realitza o no l\u2019activitat, informant al Consell Escolar.<\/em><\/p>\n<p><em>Un dels requisits per poder participar en les activitats complement\u00e0ries (sortides i col\u00f2nies) ser\u00e0 haver abonat la part proporcional de la quota de material del trimestre corresponent (25\u20ac per trimestre).<\/em><\/p>\n<p>&nbsp;<\/p>\n<p>&nbsp;<\/p>\n<p>&nbsp;<\/p>\n<p>&nbsp;<\/p>\n<p>&nbsp;<\/p>\n<p>&nbsp;<\/p>\n","protected":false},"excerpt":{"rendered":"<p>Benvolgudes fam\u00edlies,<br \/>\n&nbsp;<br \/>\nEl dimarts 22 de juny es va celebrar la tercera sessi\u00f3 del Consell Escolar d\u2019aquest curs 17\/18. A continuaci\u00f3 us notifiquem algunes informacions donades que s\u00f3n del vostre inter\u00e8s i els acords presos en aquesta sessi\u00f3:<br \/>\n&nbsp;<br \/>\nInformacions:<br \/>\n&nbsp;<\/p>\n<ul>\n<li>S\u2019informa de la plantilla assignada pel curs 18_19:<\/li>\n<\/ul>\n<p>Tipus de&hellip;  <a href=\"https:\/\/agora.xtec.cat\/ceip-serramarina-sta-coloma\/informacions\/informacions-i-acords-del-consell-escolar\/\" title=\"Read INFORMACIONS I ACORDS DEL CONSELL ESCOLAR\">Llegeix m\u00e9s\u00bb<\/a><\/p>\n","protected":false},"author":11,"featured_media":0,"comment_status":"closed","ping_status":"closed","sticky":false,"template":"","format":"standard","meta":{"_bbp_topic_count":0,"_bbp_reply_count":0,"_bbp_total_topic_count":0,"_bbp_total_reply_count":0,"_bbp_voice_count":0,"_bbp_anonymous_reply_count":0,"_bbp_topic_count_hidden":0,"_bbp_reply_count_hidden":0,"_bbp_forum_subforum_count":0,"footnotes":""},"categories":[53],"tags":[],"class_list":["post-1791","post","type-post","status-publish","format-standard","hentry","category-informacions"],"post_mailing_queue_ids":[],"_links":{"self":[{"href":"https:\/\/agora.xtec.cat\/ceip-serramarina-sta-coloma\/wp-json\/wp\/v2\/posts\/1791","targetHints":{"allow":["GET"]}}],"collection":[{"href":"https:\/\/agora.xtec.cat\/ceip-serramarina-sta-coloma\/wp-json\/wp\/v2\/posts"}],"about":[{"href":"https:\/\/agora.xtec.cat\/ceip-serramarina-sta-coloma\/wp-json\/wp\/v2\/types\/post"}],"author":[{"embeddable":true,"href":"https:\/\/agora.xtec.cat\/ceip-serramarina-sta-coloma\/wp-json\/wp\/v2\/users\/11"}],"replies":[{"embeddable":true,"href":"https:\/\/agora.xtec.cat\/ceip-serramarina-sta-coloma\/wp-json\/wp\/v2\/comments?post=1791"}],"version-history":[{"count":2,"href":"https:\/\/agora.xtec.cat\/ceip-serramarina-sta-coloma\/wp-json\/wp\/v2\/posts\/1791\/revisions"}],"predecessor-version":[{"id":1859,"href":"https:\/\/agora.xtec.cat\/ceip-serramarina-sta-coloma\/wp-json\/wp\/v2\/posts\/1791\/revisions\/1859"}],"wp:attachment":[{"href":"https:\/\/agora.xtec.cat\/ceip-serramarina-sta-coloma\/wp-json\/wp\/v2\/media?parent=1791"}],"wp:term":[{"taxonomy":"category","embeddable":true,"href":"https:\/\/agora.xtec.cat\/ceip-serramarina-sta-coloma\/wp-json\/wp\/v2\/categories?post=1791"},{"taxonomy":"post_tag","embeddable":true,"href":"https:\/\/agora.xtec.cat\/ceip-serramarina-sta-coloma\/wp-json\/wp\/v2\/tags?post=1791"}],"curies":[{"name":"wp","href":"https:\/\/api.w.org\/{rel}","templated":true}]}}